{"id":7227,"date":"2011-05-21T05:30:35","date_gmt":"2011-05-21T03:30:35","guid":{"rendered":"http:\/\/libelul.com\/?p=7227"},"modified":"2011-05-20T22:04:17","modified_gmt":"2011-05-20T20:04:17","slug":"le-week-end","status":"publish","type":"post","link":"https:\/\/libelul.com\/?p=7227","title":{"rendered":"Le week-end."},"content":{"rendered":"<p>Moi je suis une <em>workaholic<\/em>.<br \/>\nJ&rsquo;ai l&rsquo;impression de ne jamais me reposer.<\/p>\n<p>Avoir toujours en t\u00eate trois ou quatre projets,<br \/>\nDes id\u00e9es qui se fixent que je veux r\u00e9aliser,<br \/>\nEt l&rsquo;envie d&rsquo;arriver \u00e0 tout concilier.<\/p>\n<p>Se sentir incompl\u00e8te sans ces multiples <em>Moi Je<\/em>.<\/p>\n<p style=\"text-align: center;\"><img loading=\"lazy\" decoding=\"async\" data-attachment-id=\"7228\" data-permalink=\"https:\/\/libelul.com\/?attachment_id=7228\" data-orig-file=\"https:\/\/libelul.com\/wp-content\/uploads\/2011\/05\/366e1adedcaf8a13444e3bf50f869c06-orig.jpg\" data-orig-size=\"600,900\" data-comments-opened=\"1\" data-image-meta=\"{&quot;aperture&quot;:&quot;0&quot;,&quot;credit&quot;:&quot;&quot;,&quot;camera&quot;:&quot;&quot;,&quot;caption&quot;:&quot;&quot;,&quot;created_timestamp&quot;:&quot;0&quot;,&quot;copyright&quot;:&quot;&quot;,&quot;focal_length&quot;:&quot;0&quot;,&quot;iso&quot;:&quot;0&quot;,&quot;shutter_speed&quot;:&quot;0&quot;,&quot;title&quot;:&quot;&quot;}\" data-image-title=\"366e1adedcaf8a13444e3bf50f869c06-orig\" data-image-description=\"\" data-image-caption=\"\" data-medium-file=\"https:\/\/libelul.com\/wp-content\/uploads\/2011\/05\/366e1adedcaf8a13444e3bf50f869c06-orig-380x570.jpg\" data-large-file=\"https:\/\/libelul.com\/wp-content\/uploads\/2011\/05\/366e1adedcaf8a13444e3bf50f869c06-orig-450x675.jpg\" class=\"alignnone size-large wp-image-7228\" title=\"366e1adedcaf8a13444e3bf50f869c06-orig\" src=\"http:\/\/libelul.com\/wp-content\/uploads\/2011\/05\/366e1adedcaf8a13444e3bf50f869c06-orig-450x675.jpg\" alt=\"\" width=\"450\" height=\"675\" srcset=\"https:\/\/libelul.com\/wp-content\/uploads\/2011\/05\/366e1adedcaf8a13444e3bf50f869c06-orig-450x675.jpg 450w, https:\/\/libelul.com\/wp-content\/uploads\/2011\/05\/366e1adedcaf8a13444e3bf50f869c06-orig-380x570.jpg 380w, https:\/\/libelul.com\/wp-content\/uploads\/2011\/05\/366e1adedcaf8a13444e3bf50f869c06-orig.jpg 600w\" sizes=\"auto, (max-width: 450px) 100vw, 450px\" \/><\/p>\n<p style=\"text-align: center;\">Original Manila Rope Lights 2&Prime; by <a href=\"http:\/\/www.etsy.com\/listing\/73123165\/atelier-688-original-manila-rope-lights\" target=\"_blank\">Atelier 688<\/a><\/p>\n<p style=\"text-align: left;\">Quitte \u00e0 me sentir totalement \u00e9puis\u00e9e,<br \/>\nMais au fond, il n&rsquo;y a que dans ces moments,<br \/>\nO\u00f9 j&rsquo;arrive \u00e0 profiter vraiment.<\/p>\n<p style=\"text-align: left;\"><strong>Et vous, avez-vous l&rsquo;impression de parfois tirer un peu trop sur la corde ?<\/strong><\/p>\n","protected":false},"excerpt":{"rendered":"<a href=\"https:\/\/libelul.com\/?p=7227\"><img decoding=\"async\" width=\"270\" src=\"\" class=\"alignleft wp-post-image tfe\" alt=\"\" title=\"\" \/><\/a><p>Moi je suis une workaholic. J&rsquo;ai l&rsquo;impression de ne jamais me reposer. Avoir toujours en t\u00eate trois ou quatre projets, Des id\u00e9es qui se fixent que je veux r\u00e9aliser, Et l&rsquo;envie d&rsquo;arriver \u00e0 tout concilier. Se sentir incompl\u00e8te sans ces multiples Moi Je. Original Manila Rope Lights 2&Prime; by Atelier 688 Quitte \u00e0 me sentir [&hellip;]<\/p>\n","protected":false},"author":1,"featured_media":0,"comment_status":"open","ping_status":"open","sticky":false,"template":"","format":"standard","meta":{"jetpack_post_was_ever_published":false,"_jetpack_newsletter_access":"","_jetpack_dont_email_post_to_subs":false,"_jetpack_newsletter_tier_id":0,"_jetpack_memberships_contains_paywalled_content":false,"_jetpack_memberships_contains_paid_content":false,"footnotes":"","jetpack_publicize_message":"","jetpack_publicize_feature_enabled":true,"jetpack_social_post_already_shared":false,"jetpack_social_options":{"image_generator_settings":{"template":"highway","default_image_id":0,"font":"","enabled":false},"version":2}},"categories":[217],"tags":[394,372],"class_list":["post-7227","post","type-post","status-publish","format-standard","hentry","category-la-maison","tag-decoration","tag-lampes"],"jetpack_publicize_connections":[],"jetpack_featured_media_url":"","jetpack_shortlink":"https:\/\/wp.me\/posPp-1Sz","jetpack_sharing_enabled":true,"jetpack-related-posts":[],"_links":{"self":[{"href":"https:\/\/libelul.com\/index.php?rest_route=\/wp\/v2\/posts\/7227","targetHints":{"allow":["GET"]}}],"collection":[{"href":"https:\/\/libelul.com\/index.php?rest_route=\/wp\/v2\/posts"}],"about":[{"href":"https:\/\/libelul.com\/index.php?rest_route=\/wp\/v2\/types\/post"}],"author":[{"embeddable":true,"href":"https:\/\/libelul.com\/index.php?rest_route=\/wp\/v2\/users\/1"}],"replies":[{"embeddable":true,"href":"https:\/\/libelul.com\/index.php?rest_route=%2Fwp%2Fv2%2Fcomments&post=7227"}],"version-history":[{"count":0,"href":"https:\/\/libelul.com\/index.php?rest_route=\/wp\/v2\/posts\/7227\/revisions"}],"wp:attachment":[{"href":"https:\/\/libelul.com\/index.php?rest_route=%2Fwp%2Fv2%2Fmedia&parent=7227"}],"wp:term":[{"taxonomy":"category","embeddable":true,"href":"https:\/\/libelul.com\/index.php?rest_route=%2Fwp%2Fv2%2Fcategories&post=7227"},{"taxonomy":"post_tag","embeddable":true,"href":"https:\/\/libelul.com\/index.php?rest_route=%2Fwp%2Fv2%2Ftags&post=7227"}],"curies":[{"name":"wp","href":"https:\/\/api.w.org\/{rel}","templated":true}]}}