{"id":723,"date":"2009-04-10T10:32:43","date_gmt":"2009-04-10T08:32:43","guid":{"rendered":"http:\/\/libelul.com\/?p=723"},"modified":"2010-05-07T21:45:49","modified_gmt":"2010-05-07T19:45:49","slug":"vacances-avec-bebe","status":"publish","type":"post","link":"https:\/\/libelul.com\/?p=723","title":{"rendered":"Vacances avec b\u00e9b\u00e9"},"content":{"rendered":"<p>Moi les vacances c&rsquo;\u00e9tait toujours une joie.<br \/>\nUne joie de choisir la destination &#8230; loin de pr\u00e9f\u00e9rence.<br \/>\nUne joie de pouvoir partir en dehors des vacances scolaires &#8230; \u00e9viter les enfants qui hurlent dans l&rsquo;avion.<br \/>\nUne joie d&rsquo;\u00eatre spontan\u00e9e \u00ab\u00a0Laurent on part la semaine prochaine \u00e0 Las Vegas OK?!\u00a0\u00bb<\/p>\n<p>Maintenant c&rsquo;est la gal\u00e8re, une VRAI gal\u00e8re.<br \/>\nTu tapes dans Google \u00ab\u00a0Vacances B\u00e9b\u00e9\u00a0\u00bb \u00ab\u00a0Vacances Nourrisson\u00a0\u00bb t&rsquo;as rien\u00a0 \u00e0 part du camping, tu tapes \u00ab\u00a0Vacances B\u00e9b\u00e9 LUXE\u00a0\u00bb alors l\u00e0 c&rsquo;est comme si tu demandais la lune.<br \/>\nC&rsquo;est grave, alors parce que je suis m\u00e8re je dois partir dans des endroits \u00e0 moins de 2 heures de Paris?<\/p>\n<p>C&rsquo;est pire que je pensais, j&rsquo;appelle KUONI (pour pas les citer), et l\u00e0 la gentille commerciale m&rsquo;interdit Maldives \u00ab\u00a0trop loin, pas d&rsquo;h\u00f4pitaux, hydravion forbidden !\u00a0\u00bb.<\/p>\n<p>Moi je ne suis pas d\u00e9rangeante tout ce que je veux c&rsquo;est : du soleil, du calme (luxe et volupt\u00e9), de la plong\u00e9e, du Spa, et accessoirement un lieu pas interdit aux b\u00e9b\u00e9s.<\/p>\n<p>Alors j&rsquo;envoi mon appel \u00e0 l&rsquo;aide :<br \/>\nJeunes (enfin jeunes je parle surtout de moi, ou sinon du fait que nous sommes parents depuis pas tr\u00e8s longtemps) parents cherchent id\u00e9es vacances pouvant \u00eatre r\u00e9alis\u00e9es avec un b\u00e9b\u00e9 (mignon tout plein) de 6 mois, de pr\u00e9f\u00e9rence LOIN, AU SOLEIL et AVEC PLONGEE.<\/p>\n<p><a href=\"http:\/\/libelul.com\/wp-content\/uploads\/2009\/04\/huvafen-fushi.jpg\"><img loading=\"lazy\" decoding=\"async\" data-attachment-id=\"724\" data-permalink=\"https:\/\/libelul.com\/?attachment_id=724\" data-orig-file=\"https:\/\/libelul.com\/wp-content\/uploads\/2009\/04\/huvafen-fushi.jpg\" data-orig-size=\"499,236\" data-comments-opened=\"1\" data-image-meta=\"{&quot;aperture&quot;:&quot;0&quot;,&quot;credit&quot;:&quot;&quot;,&quot;camera&quot;:&quot;&quot;,&quot;caption&quot;:&quot;&quot;,&quot;created_timestamp&quot;:&quot;0&quot;,&quot;copyright&quot;:&quot;&quot;,&quot;focal_length&quot;:&quot;0&quot;,&quot;iso&quot;:&quot;0&quot;,&quot;shutter_speed&quot;:&quot;0&quot;,&quot;title&quot;:&quot;&quot;}\" data-image-title=\"huvafen-fushi\" data-image-description=\"\" data-image-caption=\"\" data-medium-file=\"https:\/\/libelul.com\/wp-content\/uploads\/2009\/04\/huvafen-fushi-380x179.jpg\" data-large-file=\"https:\/\/libelul.com\/wp-content\/uploads\/2009\/04\/huvafen-fushi-450x212.jpg\" class=\"alignnone size-medium wp-image-724\" title=\"huvafen-fushi\" src=\"http:\/\/libelul.com\/wp-content\/uploads\/2009\/04\/huvafen-fushi-300x141.jpg\" alt=\"huvafen-fushi\" width=\"300\" height=\"141\" \/><\/a><\/p>\n<p><em>Merci pour votre aide car j&rsquo;ai d\u00e9j\u00e0 pos\u00e9 mes vacances du 25 avril au 10 mai !<\/em><\/p>\n<p>&#8212;&#8212;&#8212;&#8212;&#8212;&#8212;&#8212;&#8212;&#8212;&#8212;&#8212;&#8212;&#8212;&#8212;&#8212;&#8212;&#8212;&#8212;&#8212;&#8212;&#8212;&#8212;&#8212;&#8212;&#8212;&#8212;&#8212;&#8212;&#8212;&#8212;-<\/p>\n<p><em>EDITE le 10 Mai 2009<br \/>\nJ&rsquo;ai donc opt\u00e9 pour Punta Cana @ Club Med &gt;&gt; <a href=\"http:\/\/libelul.com\/?p=770\" target=\"_blank\">Mon d\u00e9brief est ici<\/a><br \/>\n<\/em><\/p>\n","protected":false},"excerpt":{"rendered":"<a href=\"https:\/\/libelul.com\/?p=723\"><img decoding=\"async\" width=\"270\" src=\"\" class=\"alignleft wp-post-image tfe\" alt=\"\" title=\"\" \/><\/a><p>Moi les vacances c&rsquo;\u00e9tait toujours une joie. Une joie de choisir la destination &#8230; loin de pr\u00e9f\u00e9rence. Une joie de pouvoir partir en dehors des vacances scolaires &#8230; \u00e9viter les enfants qui hurlent dans l&rsquo;avion. Une joie d&rsquo;\u00eatre spontan\u00e9e \u00ab\u00a0Laurent on part la semaine prochaine \u00e0 Las Vegas OK?!\u00a0\u00bb Maintenant c&rsquo;est la gal\u00e8re, une VRAI [&hellip;]<\/p>\n","protected":false},"author":1,"featured_media":0,"comment_status":"open","ping_status":"open","sticky":false,"template":"","format":"standard","meta":{"jetpack_post_was_ever_published":false,"_jetpack_newsletter_access":"","_jetpack_dont_email_post_to_subs":false,"_jetpack_newsletter_tier_id":0,"_jetpack_memberships_contains_paywalled_content":false,"_jetpack_memberships_contains_paid_content":false,"footnotes":"","jetpack_publicize_message":"","jetpack_publicize_feature_enabled":true,"jetpack_social_post_already_shared":false,"jetpack_social_options":{"image_generator_settings":{"template":"highway","default_image_id":0,"font":"","enabled":false},"version":2}},"categories":[224],"tags":[99,342,98],"class_list":["post-723","post","type-post","status-publish","format-standard","hentry","category-de-si-beaux-voyages","tag-bebe","tag-enfant","tag-vacances"],"jetpack_publicize_connections":[],"jetpack_featured_media_url":"","jetpack_shortlink":"https:\/\/wp.me\/posPp-bF","jetpack_sharing_enabled":true,"jetpack-related-posts":[],"_links":{"self":[{"href":"https:\/\/libelul.com\/index.php?rest_route=\/wp\/v2\/posts\/723","targetHints":{"allow":["GET"]}}],"collection":[{"href":"https:\/\/libelul.com\/index.php?rest_route=\/wp\/v2\/posts"}],"about":[{"href":"https:\/\/libelul.com\/index.php?rest_route=\/wp\/v2\/types\/post"}],"author":[{"embeddable":true,"href":"https:\/\/libelul.com\/index.php?rest_route=\/wp\/v2\/users\/1"}],"replies":[{"embeddable":true,"href":"https:\/\/libelul.com\/index.php?rest_route=%2Fwp%2Fv2%2Fcomments&post=723"}],"version-history":[{"count":0,"href":"https:\/\/libelul.com\/index.php?rest_route=\/wp\/v2\/posts\/723\/revisions"}],"wp:attachment":[{"href":"https:\/\/libelul.com\/index.php?rest_route=%2Fwp%2Fv2%2Fmedia&parent=723"}],"wp:term":[{"taxonomy":"category","embeddable":true,"href":"https:\/\/libelul.com\/index.php?rest_route=%2Fwp%2Fv2%2Fcategories&post=723"},{"taxonomy":"post_tag","embeddable":true,"href":"https:\/\/libelul.com\/index.php?rest_route=%2Fwp%2Fv2%2Ftags&post=723"}],"curies":[{"name":"wp","href":"https:\/\/api.w.org\/{rel}","templated":true}]}}