{"id":7251,"date":"2011-05-29T05:30:42","date_gmt":"2011-05-29T03:30:42","guid":{"rendered":"http:\/\/libelul.com\/?p=7251"},"modified":"2011-05-29T09:31:34","modified_gmt":"2011-05-29T07:31:34","slug":"la-mama-gaga","status":"publish","type":"post","link":"https:\/\/libelul.com\/?p=7251","title":{"rendered":"La Mama GAGA &#8230;"},"content":{"rendered":"<p>Moi je suis GAGA.<br \/>\nDe chaises, de <em>Fisher Price<\/em> vintage,<br \/>\nDe <em>masking tape<\/em> multicolores,<br \/>\nDe<em> Rainbows<\/em> en tout genre, et en particulier des <em>Cakes<\/em>.<\/p>\n<p>Gaga de d\u00e9co, de lectures, de blogs,<br \/>\nDe jolies surprises et de fraises &#8230; des bois.<\/p>\n<p>Gaga de mon fils, de ses moments de joie<em> <\/em>,<br \/>\nDu jour de sa naissance, de cette f\u00eate de <em>Mama<\/em> !<\/p>\n<p style=\"text-align: center;\"><img loading=\"lazy\" decoding=\"async\" data-attachment-id=\"7448\" data-permalink=\"https:\/\/libelul.com\/?attachment_id=7448\" data-orig-file=\"https:\/\/libelul.com\/wp-content\/uploads\/2011\/05\/green-birthday.jpg\" data-orig-size=\"600,798\" data-comments-opened=\"1\" data-image-meta=\"{&quot;aperture&quot;:&quot;0&quot;,&quot;credit&quot;:&quot;&quot;,&quot;camera&quot;:&quot;&quot;,&quot;caption&quot;:&quot;&quot;,&quot;created_timestamp&quot;:&quot;0&quot;,&quot;copyright&quot;:&quot;&quot;,&quot;focal_length&quot;:&quot;0&quot;,&quot;iso&quot;:&quot;0&quot;,&quot;shutter_speed&quot;:&quot;0&quot;,&quot;title&quot;:&quot;&quot;}\" data-image-title=\"green-birthday\" data-image-description=\"\" data-image-caption=\"\" data-medium-file=\"https:\/\/libelul.com\/wp-content\/uploads\/2011\/05\/green-birthday-380x505.jpg\" data-large-file=\"https:\/\/libelul.com\/wp-content\/uploads\/2011\/05\/green-birthday-450x598.jpg\" class=\"alignnone size-large wp-image-7448\" title=\"green-birthday\" src=\"http:\/\/libelul.com\/wp-content\/uploads\/2011\/05\/green-birthday-450x598.jpg\" alt=\"\" width=\"450\" height=\"598\" srcset=\"https:\/\/libelul.com\/wp-content\/uploads\/2011\/05\/green-birthday-450x598.jpg 450w, https:\/\/libelul.com\/wp-content\/uploads\/2011\/05\/green-birthday-380x505.jpg 380w, https:\/\/libelul.com\/wp-content\/uploads\/2011\/05\/green-birthday.jpg 600w\" sizes=\"auto, (max-width: 450px) 100vw, 450px\" \/><\/p>\n<p style=\"text-align: center;\">Green Rainbow Cake by <a href=\"http:\/\/cambiandostrada.wordpress.com\/2011\/05\/24\/green-birthday-cake\/\" target=\"_blank\">Cambiando Strada<\/a><\/p>\n<p style=\"text-align: left;\">C&rsquo;est vrai ! Je suis GAGA &#8230; Tout comme toi.\u00a0\u00a0 <em>Oui oui <a href=\"http:\/\/virginiebichet.org\" target=\"_blank\">Virginie<\/a> comme toi !<\/em><br \/>\nNous voulions te surprendre avec quelques billets,<br \/>\nEt moi avec un joli g\u00e2teau vert &#8230;<br \/>\nPour te souhaiter un tr\u00e8s Joyeux Anniversaire &#8230;<br \/>\n<strong><br \/>\nEt \u00e0 nous toutes, aussi Gaga que toi, une tr\u00e8s belle F\u00eate des M\u00e8res !<\/strong><\/p>\n","protected":false},"excerpt":{"rendered":"<a href=\"https:\/\/libelul.com\/?p=7251\"><img decoding=\"async\" width=\"270\" src=\"\" class=\"alignleft wp-post-image tfe\" alt=\"\" title=\"\" \/><\/a><p>Moi je suis GAGA. De chaises, de Fisher Price vintage, De masking tape multicolores, De Rainbows en tout genre, et en particulier des Cakes. Gaga de d\u00e9co, de lectures, de blogs, De jolies surprises et de fraises &#8230; des bois. Gaga de mon fils, de ses moments de joie , Du jour de sa naissance, [&hellip;]<\/p>\n","protected":false},"author":1,"featured_media":0,"comment_status":"open","ping_status":"open","sticky":false,"template":"","format":"standard","meta":{"jetpack_post_was_ever_published":false,"_jetpack_newsletter_access":"","_jetpack_dont_email_post_to_subs":false,"_jetpack_newsletter_tier_id":0,"_jetpack_memberships_contains_paywalled_content":false,"_jetpack_memberships_contains_paid_content":false,"footnotes":"","jetpack_publicize_message":"","jetpack_publicize_feature_enabled":true,"jetpack_social_post_already_shared":false,"jetpack_social_options":{"image_generator_settings":{"template":"highway","default_image_id":0,"font":"","enabled":false},"version":2}},"categories":[1],"tags":[244,114,212,90],"class_list":["post-7251","post","type-post","status-publish","format-standard","hentry","category-draft","tag-fete-des-meres","tag-gateau","tag-rainbow","tag-recette"],"jetpack_publicize_connections":[],"jetpack_featured_media_url":"","jetpack_shortlink":"https:\/\/wp.me\/posPp-1SX","jetpack_sharing_enabled":true,"jetpack-related-posts":[],"_links":{"self":[{"href":"https:\/\/libelul.com\/index.php?rest_route=\/wp\/v2\/posts\/7251","targetHints":{"allow":["GET"]}}],"collection":[{"href":"https:\/\/libelul.com\/index.php?rest_route=\/wp\/v2\/posts"}],"about":[{"href":"https:\/\/libelul.com\/index.php?rest_route=\/wp\/v2\/types\/post"}],"author":[{"embeddable":true,"href":"https:\/\/libelul.com\/index.php?rest_route=\/wp\/v2\/users\/1"}],"replies":[{"embeddable":true,"href":"https:\/\/libelul.com\/index.php?rest_route=%2Fwp%2Fv2%2Fcomments&post=7251"}],"version-history":[{"count":0,"href":"https:\/\/libelul.com\/index.php?rest_route=\/wp\/v2\/posts\/7251\/revisions"}],"wp:attachment":[{"href":"https:\/\/libelul.com\/index.php?rest_route=%2Fwp%2Fv2%2Fmedia&parent=7251"}],"wp:term":[{"taxonomy":"category","embeddable":true,"href":"https:\/\/libelul.com\/index.php?rest_route=%2Fwp%2Fv2%2Fcategories&post=7251"},{"taxonomy":"post_tag","embeddable":true,"href":"https:\/\/libelul.com\/index.php?rest_route=%2Fwp%2Fv2%2Ftags&post=7251"}],"curies":[{"name":"wp","href":"https:\/\/api.w.org\/{rel}","templated":true}]}}