{"id":7282,"date":"2011-05-22T05:30:24","date_gmt":"2011-05-22T03:30:24","guid":{"rendered":"http:\/\/libelul.com\/?p=7282"},"modified":"2011-05-22T15:49:12","modified_gmt":"2011-05-22T13:49:12","slug":"inspirations-printempsete-2011-by-roche-bobois","status":"publish","type":"post","link":"https:\/\/libelul.com\/?p=7282","title":{"rendered":"Inspirations Printemps\/\u00c9t\u00e9 2011 by Roche Bobois"},"content":{"rendered":"<p>Moi j&rsquo;adore la vie de boh\u00e8me.<br \/>\nUn int\u00e9rieur tout pr\u00e8s du sol.<\/p>\n<p>Un festival de coussins multicolores,<br \/>\nLes patchworks de motifs ray\u00e9s ou fleurs.<\/p>\n<p>Depuis que je connais ce canap\u00e9,<br \/>\n\u00c0 chaque saison un peu plus je l&rsquo;adore &#8230;<\/p>\n<p style=\"text-align: center;\"><img loading=\"lazy\" decoding=\"async\" data-attachment-id=\"7284\" data-permalink=\"https:\/\/libelul.com\/?attachment_id=7284\" data-orig-file=\"https:\/\/libelul.com\/wp-content\/uploads\/2011\/05\/roche-bobois-2011-by-libelul.jpg\" data-orig-size=\"450,323\" data-comments-opened=\"1\" data-image-meta=\"{&quot;aperture&quot;:&quot;0&quot;,&quot;credit&quot;:&quot;&quot;,&quot;camera&quot;:&quot;&quot;,&quot;caption&quot;:&quot;&quot;,&quot;created_timestamp&quot;:&quot;0&quot;,&quot;copyright&quot;:&quot;&quot;,&quot;focal_length&quot;:&quot;0&quot;,&quot;iso&quot;:&quot;0&quot;,&quot;shutter_speed&quot;:&quot;0&quot;,&quot;title&quot;:&quot;&quot;}\" data-image-title=\"roche-bobois-2011-by-libelul\" data-image-description=\"\" data-image-caption=\"\" data-medium-file=\"https:\/\/libelul.com\/wp-content\/uploads\/2011\/05\/roche-bobois-2011-by-libelul-380x272.jpg\" data-large-file=\"https:\/\/libelul.com\/wp-content\/uploads\/2011\/05\/roche-bobois-2011-by-libelul.jpg\" class=\"alignnone size-full wp-image-7284\" title=\"roche-bobois-2011-by-libelul\" src=\"http:\/\/libelul.com\/wp-content\/uploads\/2011\/05\/roche-bobois-2011-by-libelul.jpg\" alt=\"\" width=\"450\" height=\"323\" srcset=\"https:\/\/libelul.com\/wp-content\/uploads\/2011\/05\/roche-bobois-2011-by-libelul.jpg 450w, https:\/\/libelul.com\/wp-content\/uploads\/2011\/05\/roche-bobois-2011-by-libelul-380x272.jpg 380w\" sizes=\"auto, (max-width: 450px) 100vw, 450px\" \/><br \/>\n<img loading=\"lazy\" decoding=\"async\" data-attachment-id=\"7285\" data-permalink=\"https:\/\/libelul.com\/?attachment_id=7285\" data-orig-file=\"https:\/\/libelul.com\/wp-content\/uploads\/2011\/05\/roche-bobois-02-by-libelul1.jpg\" data-orig-size=\"450,323\" data-comments-opened=\"1\" data-image-meta=\"{&quot;aperture&quot;:&quot;0&quot;,&quot;credit&quot;:&quot;&quot;,&quot;camera&quot;:&quot;&quot;,&quot;caption&quot;:&quot;&quot;,&quot;created_timestamp&quot;:&quot;0&quot;,&quot;copyright&quot;:&quot;&quot;,&quot;focal_length&quot;:&quot;0&quot;,&quot;iso&quot;:&quot;0&quot;,&quot;shutter_speed&quot;:&quot;0&quot;,&quot;title&quot;:&quot;&quot;}\" data-image-title=\"roche-bobois-02-by-libelul\" data-image-description=\"\" data-image-caption=\"\" data-medium-file=\"https:\/\/libelul.com\/wp-content\/uploads\/2011\/05\/roche-bobois-02-by-libelul1-380x272.jpg\" data-large-file=\"https:\/\/libelul.com\/wp-content\/uploads\/2011\/05\/roche-bobois-02-by-libelul1.jpg\" class=\"alignnone size-full wp-image-7285\" title=\"roche-bobois-02-by-libelul\" src=\"http:\/\/libelul.com\/wp-content\/uploads\/2011\/05\/roche-bobois-02-by-libelul1.jpg\" alt=\"\" width=\"450\" height=\"323\" srcset=\"https:\/\/libelul.com\/wp-content\/uploads\/2011\/05\/roche-bobois-02-by-libelul1.jpg 450w, https:\/\/libelul.com\/wp-content\/uploads\/2011\/05\/roche-bobois-02-by-libelul1-380x272.jpg 380w\" sizes=\"auto, (max-width: 450px) 100vw, 450px\" \/><br \/>\n<img loading=\"lazy\" decoding=\"async\" data-attachment-id=\"7286\" data-permalink=\"https:\/\/libelul.com\/?attachment_id=7286\" data-orig-file=\"https:\/\/libelul.com\/wp-content\/uploads\/2011\/05\/roche-bobois-01-by-libelul1.jpg\" data-orig-size=\"450,323\" data-comments-opened=\"1\" data-image-meta=\"{&quot;aperture&quot;:&quot;0&quot;,&quot;credit&quot;:&quot;&quot;,&quot;camera&quot;:&quot;&quot;,&quot;caption&quot;:&quot;&quot;,&quot;created_timestamp&quot;:&quot;0&quot;,&quot;copyright&quot;:&quot;&quot;,&quot;focal_length&quot;:&quot;0&quot;,&quot;iso&quot;:&quot;0&quot;,&quot;shutter_speed&quot;:&quot;0&quot;,&quot;title&quot;:&quot;&quot;}\" data-image-title=\"roche-bobois-01-by-libelul\" data-image-description=\"\" data-image-caption=\"\" data-medium-file=\"https:\/\/libelul.com\/wp-content\/uploads\/2011\/05\/roche-bobois-01-by-libelul1-380x272.jpg\" data-large-file=\"https:\/\/libelul.com\/wp-content\/uploads\/2011\/05\/roche-bobois-01-by-libelul1.jpg\" class=\"alignnone size-full wp-image-7286\" title=\"roche-bobois-01-by-libelul\" src=\"http:\/\/libelul.com\/wp-content\/uploads\/2011\/05\/roche-bobois-01-by-libelul1.jpg\" alt=\"\" width=\"450\" height=\"323\" srcset=\"https:\/\/libelul.com\/wp-content\/uploads\/2011\/05\/roche-bobois-01-by-libelul1.jpg 450w, https:\/\/libelul.com\/wp-content\/uploads\/2011\/05\/roche-bobois-01-by-libelul1-380x272.jpg 380w\" sizes=\"auto, (max-width: 450px) 100vw, 450px\" \/><\/p>\n<p style=\"text-align: center;\">Canap\u00e9 Mah-Jong by <a href=\"http:\/\/www.roche-bobois.com\/#\/fr-fr\/products\/all\/sofas\/all\/199\/details\/\" target=\"_blank\">Roche Bobois<\/a><br \/>\nDizainier by <a href=\"http:\/\/www.roche-bobois.com\/#\/fr-fr\/products\/all\/occasional-tables\/all\/1054\/fullscreen\/\" target=\"_blank\">Roche Bobois x Jean Paul Gauthier<\/a><\/p>\n<p style=\"text-align: left;\">Et je sais que je vais un jour craquer,<br \/>\nTellement il est fait pour mon d\u00e9cor.<\/p>\n<p style=\"text-align: left;\"><strong>Et vous, avez-vous un meuble <em>Must-have<\/em> qui vous fait r\u00eaver ?<\/strong><\/p>\n","protected":false},"excerpt":{"rendered":"<a href=\"https:\/\/libelul.com\/?p=7282\"><img decoding=\"async\" width=\"270\" src=\"\" class=\"alignleft wp-post-image tfe\" alt=\"\" title=\"\" \/><\/a><p>Moi j&rsquo;adore la vie de boh\u00e8me. Un int\u00e9rieur tout pr\u00e8s du sol. Un festival de coussins multicolores, Les patchworks de motifs ray\u00e9s ou fleurs. Depuis que je connais ce canap\u00e9, \u00c0 chaque saison un peu plus je l&rsquo;adore &#8230; Canap\u00e9 Mah-Jong by Roche Bobois Dizainier by Roche Bobois x Jean Paul Gauthier Et je sais [&hellip;]<\/p>\n","protected":false},"author":1,"featured_media":0,"comment_status":"open","ping_status":"open","sticky":false,"template":"","format":"standard","meta":{"jetpack_post_was_ever_published":false,"_jetpack_newsletter_access":"","_jetpack_dont_email_post_to_subs":false,"_jetpack_newsletter_tier_id":0,"_jetpack_memberships_contains_paywalled_content":false,"_jetpack_memberships_contains_paid_content":false,"footnotes":"","jetpack_publicize_message":"","jetpack_publicize_feature_enabled":true,"jetpack_social_post_already_shared":false,"jetpack_social_options":{"image_generator_settings":{"template":"highway","default_image_id":0,"font":"","enabled":false},"version":2}},"categories":[217],"tags":[394,154,538],"class_list":["post-7282","post","type-post","status-publish","format-standard","hentry","category-la-maison","tag-decoration","tag-inspirations","tag-roche-bobois"],"jetpack_publicize_connections":[],"jetpack_featured_media_url":"","jetpack_shortlink":"https:\/\/wp.me\/posPp-1Ts","jetpack_sharing_enabled":true,"jetpack-related-posts":[],"_links":{"self":[{"href":"https:\/\/libelul.com\/index.php?rest_route=\/wp\/v2\/posts\/7282","targetHints":{"allow":["GET"]}}],"collection":[{"href":"https:\/\/libelul.com\/index.php?rest_route=\/wp\/v2\/posts"}],"about":[{"href":"https:\/\/libelul.com\/index.php?rest_route=\/wp\/v2\/types\/post"}],"author":[{"embeddable":true,"href":"https:\/\/libelul.com\/index.php?rest_route=\/wp\/v2\/users\/1"}],"replies":[{"embeddable":true,"href":"https:\/\/libelul.com\/index.php?rest_route=%2Fwp%2Fv2%2Fcomments&post=7282"}],"version-history":[{"count":0,"href":"https:\/\/libelul.com\/index.php?rest_route=\/wp\/v2\/posts\/7282\/revisions"}],"wp:attachment":[{"href":"https:\/\/libelul.com\/index.php?rest_route=%2Fwp%2Fv2%2Fmedia&parent=7282"}],"wp:term":[{"taxonomy":"category","embeddable":true,"href":"https:\/\/libelul.com\/index.php?rest_route=%2Fwp%2Fv2%2Fcategories&post=7282"},{"taxonomy":"post_tag","embeddable":true,"href":"https:\/\/libelul.com\/index.php?rest_route=%2Fwp%2Fv2%2Ftags&post=7282"}],"curies":[{"name":"wp","href":"https:\/\/api.w.org\/{rel}","templated":true}]}}