{"id":751,"date":"2009-04-23T15:38:58","date_gmt":"2009-04-23T14:38:58","guid":{"rendered":"http:\/\/libelul.com\/?p=751"},"modified":"2010-05-07T20:20:01","modified_gmt":"2010-05-07T18:20:01","slug":"thank-you-little-fashion-gallery","status":"publish","type":"post","link":"https:\/\/libelul.com\/?p=751","title":{"rendered":"Thank you Little Fashion Gallery"},"content":{"rendered":"<p>Moi j&rsquo;ai peut-\u00eatre pas encore commenc\u00e9 ma valise pour mes vacances, mais c&rsquo;est pas de ma faute.<\/p>\n<p>C&rsquo;est pas de ma faute si je suis oblig\u00e9e de faire 1500000 listes de trucs \u00e0 emporter pour James.<br \/>\nC&rsquo;est pas de ma faute si tous les jours je pense un truc nouveau indispensable sans quoi les vacances seront g\u00e2ch\u00e9es.<\/p>\n<p>Bon j&rsquo;ai encore quelques heures pour trouver les Huggies Little Swimmer (Je m&rsquo;en veux, il y a en avait au monop il y a 3 mois, j&rsquo;aurais du \u00e9cout\u00e9 ma voix int\u00e9rieure qui me disait &#8230;Allez prends les au cas o\u00f9).<\/p>\n<p>Mais en tout cas je veux remercier la gentille vendeuse de <a href=\"http:\/\/littlefashiongallery.com\" target=\"_blank\">Little Fashion Gallery<\/a>, qui en deux temps trois mouvements m&rsquo;a fait parvenir \u00e0 mon bureau (en moins d&rsquo;une heure), dans un paquet trop joli, la housse Anti-Uv pour la poussette Bugaboo Bee de James !<\/p>\n<p><img loading=\"lazy\" decoding=\"async\" data-attachment-id=\"752\" data-permalink=\"https:\/\/libelul.com\/?attachment_id=752\" data-orig-file=\"https:\/\/libelul.com\/wp-content\/uploads\/2009\/04\/img_0085.jpg\" data-orig-size=\"1200,1600\" data-comments-opened=\"1\" data-image-meta=\"{&quot;aperture&quot;:&quot;0&quot;,&quot;credit&quot;:&quot;&quot;,&quot;camera&quot;:&quot;&quot;,&quot;caption&quot;:&quot;&quot;,&quot;created_timestamp&quot;:&quot;0&quot;,&quot;copyright&quot;:&quot;&quot;,&quot;focal_length&quot;:&quot;0&quot;,&quot;iso&quot;:&quot;0&quot;,&quot;shutter_speed&quot;:&quot;0&quot;,&quot;title&quot;:&quot;&quot;}\" data-image-title=\"img_0085\" data-image-description=\"\" data-image-caption=\"\" data-medium-file=\"https:\/\/libelul.com\/wp-content\/uploads\/2009\/04\/img_0085-380x506.jpg\" data-large-file=\"https:\/\/libelul.com\/wp-content\/uploads\/2009\/04\/img_0085-450x600.jpg\" class=\"alignnone size-medium wp-image-752\" title=\"img_0085\" src=\"http:\/\/libelul.com\/wp-content\/uploads\/2009\/04\/img_0085-225x300.jpg\" alt=\"img_0085\" width=\"225\" height=\"300\" \/><br \/>\n<em>Et l\u00e0 j&rsquo;ai l&rsquo;argument fatal pour que Laurent c\u00e8de \u00e0 ma lubbie d&#8217;emmener avec nous, MA jolie poussette, et\u00a0ne pas infliger \u00e0 James la certainement horrible chose \u00a0fournie par Welcome Baby Club Med !<\/em><\/p>\n","protected":false},"excerpt":{"rendered":"<a href=\"https:\/\/libelul.com\/?p=751\"><img decoding=\"async\" width=\"270\" src=\"\" class=\"alignleft wp-post-image tfe\" alt=\"\" title=\"\" \/><\/a><p>Moi j&rsquo;ai peut-\u00eatre pas encore commenc\u00e9 ma valise pour mes vacances, mais c&rsquo;est pas de ma faute. C&rsquo;est pas de ma faute si je suis oblig\u00e9e de faire 1500000 listes de trucs \u00e0 emporter pour James. C&rsquo;est pas de ma faute si tous les jours je pense un truc nouveau indispensable sans quoi les vacances [&hellip;]<\/p>\n","protected":false},"author":1,"featured_media":0,"comment_status":"open","ping_status":"open","sticky":false,"template":"","format":"standard","meta":{"jetpack_post_was_ever_published":false,"_jetpack_newsletter_access":"","_jetpack_dont_email_post_to_subs":false,"_jetpack_newsletter_tier_id":0,"_jetpack_memberships_contains_paywalled_content":false,"_jetpack_memberships_contains_paid_content":false,"footnotes":"","jetpack_publicize_message":"","jetpack_publicize_feature_enabled":true,"jetpack_social_post_already_shared":false,"jetpack_social_options":{"image_generator_settings":{"template":"highway","default_image_id":0,"font":"","enabled":false},"version":2}},"categories":[214],"tags":[124,342,98],"class_list":["post-751","post","type-post","status-publish","format-standard","hentry","category-les-enfants","tag-bureau","tag-enfant","tag-vacances"],"jetpack_publicize_connections":[],"jetpack_featured_media_url":"","jetpack_shortlink":"https:\/\/wp.me\/posPp-c7","jetpack_sharing_enabled":true,"jetpack-related-posts":[],"_links":{"self":[{"href":"https:\/\/libelul.com\/index.php?rest_route=\/wp\/v2\/posts\/751","targetHints":{"allow":["GET"]}}],"collection":[{"href":"https:\/\/libelul.com\/index.php?rest_route=\/wp\/v2\/posts"}],"about":[{"href":"https:\/\/libelul.com\/index.php?rest_route=\/wp\/v2\/types\/post"}],"author":[{"embeddable":true,"href":"https:\/\/libelul.com\/index.php?rest_route=\/wp\/v2\/users\/1"}],"replies":[{"embeddable":true,"href":"https:\/\/libelul.com\/index.php?rest_route=%2Fwp%2Fv2%2Fcomments&post=751"}],"version-history":[{"count":0,"href":"https:\/\/libelul.com\/index.php?rest_route=\/wp\/v2\/posts\/751\/revisions"}],"wp:attachment":[{"href":"https:\/\/libelul.com\/index.php?rest_route=%2Fwp%2Fv2%2Fmedia&parent=751"}],"wp:term":[{"taxonomy":"category","embeddable":true,"href":"https:\/\/libelul.com\/index.php?rest_route=%2Fwp%2Fv2%2Fcategories&post=751"},{"taxonomy":"post_tag","embeddable":true,"href":"https:\/\/libelul.com\/index.php?rest_route=%2Fwp%2Fv2%2Ftags&post=751"}],"curies":[{"name":"wp","href":"https:\/\/api.w.org\/{rel}","templated":true}]}}