{"id":784,"date":"2009-05-09T12:56:41","date_gmt":"2009-05-09T11:56:41","guid":{"rendered":"http:\/\/libelul.com\/?p=784"},"modified":"2010-01-15T13:38:30","modified_gmt":"2010-01-15T12:38:30","slug":"i-love-this-marche-des-createurs","status":"publish","type":"post","link":"https:\/\/libelul.com\/?p=784","title":{"rendered":"I LOVE THIS : March\u00e9 des Cr\u00e9ateurs"},"content":{"rendered":"<p>Moi je n&rsquo;aime pas particuli\u00e8rement faire le march\u00e9 &#8230; sauf pour les fleurs.<br \/>\nMais l\u00e0 c&rsquo;est un March\u00e9 des Cr\u00e9ateurs donc \u00e7\u00e0 va.<br \/>\nC&rsquo;est Diane alias <a href=\"http:\/\/www.adeuxmainsleblog.canalblog.com\/\" target=\"_blank\">A Deux Mains<\/a> qui m&rsquo;a envoy\u00e9 ceci, pour que j&rsquo;oublie pas le <a href=\"http:\/\/lebouquetdidees.canalblog.com\/\" target=\"_blank\"><strong>Bouquet d&rsquo;Id\u00e9es<\/strong><\/a> &#8211; rendez-vous incontournable pour pleins de jolies choses pour b\u00e9b\u00e9, enfant, maman, maison &#8230;<\/p>\n<p><strong>Cr\u00e9ateurs expos\u00e9s : <\/strong><a href=\"http:\/\/www.adeuxmains.fr\/\" target=\"_blank\">Adeuxmains<\/a> , Alessandra Carlier ,<a href=\"http:\/\/www.artducartonnage.com\/\" target=\"_blank\"> Art du cartonnage<\/a> ,<a href=\"http:\/\/www.adjoubel.com\/\" target=\"_blank\"> Atelier de la sultane<\/a> , <a href=\"http:\/\/www.aurelie-rhumeur.fr\/\" target=\"_blank\">Aur\u00e9lie Rhumeur<\/a> , Auxilia Robin , <a href=\"http:\/\/www.babine.canalblog.com\/\" target=\"_blank\">Babine<\/a> , Baudina Coulomb , <a href=\"http:\/\/www.brutdelin.com\/\" target=\"_blank\">Brut de Lin<\/a> , <a href=\"http:\/\/www.cannoe_biz.fr\/\" target=\"_blank\">Canno\u00e9<\/a> , <a href=\"http:\/\/www.martini.free.fr\/\" target=\"_blank\">Catherine Martini<\/a> , <a href=\"http:\/\/www.cecilecrea.com\/\" target=\"_blank\">C\u00e9cileCr\u00e9a<\/a> , Christine Dupuy , <a href=\"http:\/\/www.clemenceg.com\/\" target=\"_blank\">Cl\u00e9mence G<\/a> , Dani\u00e8le Gauthie , Dec&rsquo;Odile , Esmeralda Goglio , <a href=\"http:\/\/farandoleetcompagnie.com\/\" target=\"_blank\">Farandole et Compagnie<\/a> , <a href=\"http:\/\/justin.peticou.free.fr\/\" target=\"_blank\">F\u00e9e des Bois<\/a> , <a href=\"http:\/\/www.fetemaison.canalblog.com\/\" target=\"_blank\">F\u00eate maison<\/a> , <a href=\"http:\/\/www.filofee.com\/\" target=\"_blank\">Filof\u00e9e<\/a> , <a href=\"http:\/\/www.graindelune.canalblog.com\/\" target=\"_blank\">Grain de lune<\/a> , <a href=\"http:\/\/www.isapoinpoin.fr\/\" target=\"_blank\">Isa Poinpoin<\/a> , Isabelle Bommelaer , Jo\u00eblle Wolff , Josette Treilles-Grilleres , Josiane Bouche ,<a href=\"http:\/\/www.ladecodulac.fr\/\" target=\"_blank\"> La d\u00e9co du Lac<\/a> , <a href=\"http:\/\/www.lasardine.eu\/\" target=\"_blank\">La sardine<\/a> , <a href=\"http:\/\/www.lauref.com\/\" target=\"_blank\">LaureF<\/a> , Laurence Bourdeau , <a href=\"http:\/\/www.lescreationsdekaki.com\/\" target=\"_blank\">Les cr\u00e9ations de kaki<\/a> , <a href=\"http:\/\/monsite.orange.fr\/lespeinturesdeben\" target=\"_blank\">Les peintures de Ben<\/a> , Les petits mots d&rsquo;I , Les pinceaux d&rsquo;Iza , <a href=\"http:\/\/boutsdepapier.over-blog.com\/\" target=\"_blank\">Les p&rsquo;tits bouts de papier<\/a> , Lili K W\u00e8t , Liza Vincent , <a href=\"http:\/\/www.marilynvince.com\/\" target=\"_blank\">Marilyn Vince<\/a> ,<a href=\"http:\/\/www.nuancetransparence.fr\/\" target=\"_blank\"> Nuances &amp; transparence<\/a> ,<a href=\"http:\/\/www.operla.fr\/\"> O&rsquo;Perla<\/a> , <a href=\"http:\/\/www.picmoicietcoumoica.com\/\" target=\"_blank\">Picmoici et Coumoica<\/a> , <a href=\"http:\/\/www.prettypattycollections.blogspot.com\/\" target=\"_blank\">Pretty Patty collections<\/a> , <a href=\"http:\/\/www.sofissima.com\/\" target=\"_blank\">Sofissima<\/a> , Terre Larimar , Val\u00e9rie Cherprenet , <a href=\"http:\/\/valovali.skyrock.com\/\" target=\"_blank\">Valo Vali<\/a> , Zinzin Bullin.<\/p>\n<p><a href=\"http:\/\/libelul.com\/wp-content\/uploads\/2009\/05\/bouquets-d-idees.jpg\" target=\"_blank\"><img loading=\"lazy\" decoding=\"async\" data-attachment-id=\"785\" data-permalink=\"https:\/\/libelul.com\/?attachment_id=785\" data-orig-file=\"https:\/\/libelul.com\/wp-content\/uploads\/2009\/05\/bouquets-d-idees.jpg\" data-orig-size=\"533,800\" data-comments-opened=\"1\" data-image-meta=\"{&quot;aperture&quot;:&quot;0&quot;,&quot;credit&quot;:&quot;&quot;,&quot;camera&quot;:&quot;&quot;,&quot;caption&quot;:&quot;&quot;,&quot;created_timestamp&quot;:&quot;0&quot;,&quot;copyright&quot;:&quot;&quot;,&quot;focal_length&quot;:&quot;0&quot;,&quot;iso&quot;:&quot;0&quot;,&quot;shutter_speed&quot;:&quot;0&quot;,&quot;title&quot;:&quot;&quot;}\" data-image-title=\"bouquets-d-idees\" data-image-description=\"\" data-image-caption=\"\" data-medium-file=\"https:\/\/libelul.com\/wp-content\/uploads\/2009\/05\/bouquets-d-idees-380x570.jpg\" data-large-file=\"https:\/\/libelul.com\/wp-content\/uploads\/2009\/05\/bouquets-d-idees-450x675.jpg\" class=\"alignnone size-medium wp-image-785\" title=\"bouquets-d-idees\" src=\"http:\/\/libelul.com\/wp-content\/uploads\/2009\/05\/bouquets-d-idees-199x300.jpg\" alt=\"bouquets-d-idees\" width=\"199\" height=\"300\" \/><\/a><\/p>\n<p>Samedi 16 Mai de 10h \u00e0 19h<br \/>\nEsplanade de l&rsquo;H\u00f4tel de ville<br \/>\nIssy-les-Moulineaux<\/p>\n","protected":false},"excerpt":{"rendered":"<a href=\"https:\/\/libelul.com\/?p=784\"><img decoding=\"async\" width=\"270\" src=\"\" class=\"alignleft wp-post-image tfe\" alt=\"\" title=\"\" \/><\/a><p>Moi je n&rsquo;aime pas particuli\u00e8rement faire le march\u00e9 &#8230; sauf pour les fleurs. Mais l\u00e0 c&rsquo;est un March\u00e9 des Cr\u00e9ateurs donc \u00e7\u00e0 va. C&rsquo;est Diane alias A Deux Mains qui m&rsquo;a envoy\u00e9 ceci, pour que j&rsquo;oublie pas le Bouquet d&rsquo;Id\u00e9es &#8211; rendez-vous incontournable pour pleins de jolies choses pour b\u00e9b\u00e9, enfant, maman, maison &#8230; Cr\u00e9ateurs [&hellip;]<\/p>\n","protected":false},"author":1,"featured_media":0,"comment_status":"open","ping_status":"open","sticky":false,"template":"","format":"standard","meta":{"jetpack_post_was_ever_published":false,"_jetpack_newsletter_access":"","_jetpack_dont_email_post_to_subs":false,"_jetpack_newsletter_tier_id":0,"_jetpack_memberships_contains_paywalled_content":false,"_jetpack_memberships_contains_paid_content":false,"footnotes":"","jetpack_publicize_message":"","jetpack_publicize_feature_enabled":true,"jetpack_social_post_already_shared":false,"jetpack_social_options":{"image_generator_settings":{"template":"highway","default_image_id":0,"font":"","enabled":false},"version":2}},"categories":[34],"tags":[99,344,394,342,174,21],"class_list":["post-784","post","type-post","status-publish","format-standard","hentry","category-de-si-jolis-shops","tag-bebe","tag-blogs","tag-decoration","tag-enfant","tag-fleurs","tag-mode"],"jetpack_publicize_connections":[],"jetpack_featured_media_url":"","jetpack_shortlink":"https:\/\/wp.me\/posPp-cE","jetpack_sharing_enabled":true,"jetpack-related-posts":[],"_links":{"self":[{"href":"https:\/\/libelul.com\/index.php?rest_route=\/wp\/v2\/posts\/784","targetHints":{"allow":["GET"]}}],"collection":[{"href":"https:\/\/libelul.com\/index.php?rest_route=\/wp\/v2\/posts"}],"about":[{"href":"https:\/\/libelul.com\/index.php?rest_route=\/wp\/v2\/types\/post"}],"author":[{"embeddable":true,"href":"https:\/\/libelul.com\/index.php?rest_route=\/wp\/v2\/users\/1"}],"replies":[{"embeddable":true,"href":"https:\/\/libelul.com\/index.php?rest_route=%2Fwp%2Fv2%2Fcomments&post=784"}],"version-history":[{"count":0,"href":"https:\/\/libelul.com\/index.php?rest_route=\/wp\/v2\/posts\/784\/revisions"}],"wp:attachment":[{"href":"https:\/\/libelul.com\/index.php?rest_route=%2Fwp%2Fv2%2Fmedia&parent=784"}],"wp:term":[{"taxonomy":"category","embeddable":true,"href":"https:\/\/libelul.com\/index.php?rest_route=%2Fwp%2Fv2%2Fcategories&post=784"},{"taxonomy":"post_tag","embeddable":true,"href":"https:\/\/libelul.com\/index.php?rest_route=%2Fwp%2Fv2%2Ftags&post=784"}],"curies":[{"name":"wp","href":"https:\/\/api.w.org\/{rel}","templated":true}]}}