{"id":7978,"date":"2011-06-22T05:30:54","date_gmt":"2011-06-22T03:30:54","guid":{"rendered":"http:\/\/libelul.com\/?p=7978"},"modified":"2011-07-01T20:58:30","modified_gmt":"2011-07-01T18:58:30","slug":"mon-moi-vegetal","status":"publish","type":"post","link":"https:\/\/libelul.com\/?p=7978","title":{"rendered":"Mon moi v\u00e9g\u00e9tal &#8230;"},"content":{"rendered":"<p>Moi, je crois bien \u00eatre une <em>Phalaenopsis.<\/em><\/p>\n<p>D\u00e9licate et fragile, botanique passionn\u00e9e,<br \/>\nBlanche orchid\u00e9e au parfum l\u00e9ger.<\/p>\n<p><em>J&rsquo;aimerais dire <\/em>\u00e9l\u00e9gante et jolie \u00e0 regarder,<br \/>\nMais c&rsquo;est surtout qu&rsquo;elle soit si compliqu\u00e9e,<br \/>\nQui me fait tant l&rsquo;aimer.<\/p>\n<p>Jamais satisfaite, toujours \u00e0 pinailler,<br \/>\nIci trop de lumi\u00e8re, l\u00e0 pas assez,<br \/>\nJe voudrais un peu d&rsquo;eau &#8211; maintenant &#8211; s&rsquo;il vous plait,<br \/>\nMais surtout, pas trop froide, et juste un peu min\u00e9ralis\u00e9e !<\/p>\n<p style=\"text-align: center;\"><img loading=\"lazy\" decoding=\"async\" data-attachment-id=\"7981\" data-permalink=\"https:\/\/libelul.com\/?attachment_id=7981\" data-orig-file=\"https:\/\/libelul.com\/wp-content\/uploads\/2011\/06\/moi-vegetal-by-libelul.jpg\" data-orig-size=\"450,323\" data-comments-opened=\"1\" data-image-meta=\"{&quot;aperture&quot;:&quot;0&quot;,&quot;credit&quot;:&quot;&quot;,&quot;camera&quot;:&quot;&quot;,&quot;caption&quot;:&quot;&quot;,&quot;created_timestamp&quot;:&quot;0&quot;,&quot;copyright&quot;:&quot;&quot;,&quot;focal_length&quot;:&quot;0&quot;,&quot;iso&quot;:&quot;0&quot;,&quot;shutter_speed&quot;:&quot;0&quot;,&quot;title&quot;:&quot;&quot;}\" data-image-title=\"moi-vegetal-by-libelul\" data-image-description=\"\" data-image-caption=\"\" data-medium-file=\"https:\/\/libelul.com\/wp-content\/uploads\/2011\/06\/moi-vegetal-by-libelul-380x272.jpg\" data-large-file=\"https:\/\/libelul.com\/wp-content\/uploads\/2011\/06\/moi-vegetal-by-libelul.jpg\" class=\"alignnone size-full wp-image-7981\" title=\"moi-vegetal-by-libelul\" src=\"http:\/\/libelul.com\/wp-content\/uploads\/2011\/06\/moi-vegetal-by-libelul.jpg\" alt=\"\" width=\"450\" height=\"323\" srcset=\"https:\/\/libelul.com\/wp-content\/uploads\/2011\/06\/moi-vegetal-by-libelul.jpg 450w, https:\/\/libelul.com\/wp-content\/uploads\/2011\/06\/moi-vegetal-by-libelul-380x272.jpg 380w\" sizes=\"auto, (max-width: 450px) 100vw, 450px\" \/><br \/>\n<img loading=\"lazy\" decoding=\"async\" data-attachment-id=\"7984\" data-permalink=\"https:\/\/libelul.com\/?attachment_id=7984\" data-orig-file=\"https:\/\/libelul.com\/wp-content\/uploads\/2011\/06\/moi-vegetal-01-by-libelul.jpg\" data-orig-size=\"450,323\" data-comments-opened=\"1\" data-image-meta=\"{&quot;aperture&quot;:&quot;0&quot;,&quot;credit&quot;:&quot;&quot;,&quot;camera&quot;:&quot;&quot;,&quot;caption&quot;:&quot;&quot;,&quot;created_timestamp&quot;:&quot;0&quot;,&quot;copyright&quot;:&quot;&quot;,&quot;focal_length&quot;:&quot;0&quot;,&quot;iso&quot;:&quot;0&quot;,&quot;shutter_speed&quot;:&quot;0&quot;,&quot;title&quot;:&quot;&quot;}\" data-image-title=\"moi-vegetal-01-by-libelul\" data-image-description=\"\" data-image-caption=\"\" data-medium-file=\"https:\/\/libelul.com\/wp-content\/uploads\/2011\/06\/moi-vegetal-01-by-libelul-380x272.jpg\" data-large-file=\"https:\/\/libelul.com\/wp-content\/uploads\/2011\/06\/moi-vegetal-01-by-libelul.jpg\" class=\"alignnone size-full wp-image-7984\" title=\"moi-vegetal-01-by-libelul\" src=\"http:\/\/libelul.com\/wp-content\/uploads\/2011\/06\/moi-vegetal-01-by-libelul.jpg\" alt=\"\" width=\"450\" height=\"323\" srcset=\"https:\/\/libelul.com\/wp-content\/uploads\/2011\/06\/moi-vegetal-01-by-libelul.jpg 450w, https:\/\/libelul.com\/wp-content\/uploads\/2011\/06\/moi-vegetal-01-by-libelul-380x272.jpg 380w\" sizes=\"auto, (max-width: 450px) 100vw, 450px\" \/><br \/>\n<img loading=\"lazy\" decoding=\"async\" data-attachment-id=\"7985\" data-permalink=\"https:\/\/libelul.com\/?attachment_id=7985\" data-orig-file=\"https:\/\/libelul.com\/wp-content\/uploads\/2011\/06\/moi-vegetal-02-by-libelul.jpg\" data-orig-size=\"450,323\" data-comments-opened=\"1\" data-image-meta=\"{&quot;aperture&quot;:&quot;0&quot;,&quot;credit&quot;:&quot;&quot;,&quot;camera&quot;:&quot;&quot;,&quot;caption&quot;:&quot;&quot;,&quot;created_timestamp&quot;:&quot;0&quot;,&quot;copyright&quot;:&quot;&quot;,&quot;focal_length&quot;:&quot;0&quot;,&quot;iso&quot;:&quot;0&quot;,&quot;shutter_speed&quot;:&quot;0&quot;,&quot;title&quot;:&quot;&quot;}\" data-image-title=\"moi-vegetal-02-by-libelul\" data-image-description=\"\" data-image-caption=\"\" data-medium-file=\"https:\/\/libelul.com\/wp-content\/uploads\/2011\/06\/moi-vegetal-02-by-libelul-380x272.jpg\" data-large-file=\"https:\/\/libelul.com\/wp-content\/uploads\/2011\/06\/moi-vegetal-02-by-libelul.jpg\" class=\"alignnone size-full wp-image-7985\" title=\"moi-vegetal-02-by-libelul\" src=\"http:\/\/libelul.com\/wp-content\/uploads\/2011\/06\/moi-vegetal-02-by-libelul.jpg\" alt=\"\" width=\"450\" height=\"323\" srcset=\"https:\/\/libelul.com\/wp-content\/uploads\/2011\/06\/moi-vegetal-02-by-libelul.jpg 450w, https:\/\/libelul.com\/wp-content\/uploads\/2011\/06\/moi-vegetal-02-by-libelul-380x272.jpg 380w\" sizes=\"auto, (max-width: 450px) 100vw, 450px\" \/><\/p>\n<p style=\"text-align: center;\"><em>Phalaenopsis<\/em> by <a href=\"http:\/\/www.maplanteetmoi.fr\/\" target=\"_blank\">L&rsquo;Office Hollandais des Fleurs<\/a><\/p>\n<p>Mon <em>Phalaenopsis <\/em>c&rsquo;est tout ce que j&rsquo;aimerai \u00eatre,<br \/>\nPr\u00e9cieuse et po\u00e9tique, si subtilement raffin\u00e9e.<\/p>\n<p>Mon moi v\u00e9g\u00e9tal que je voudrais capturer,<br \/>\n\u00c0 l&rsquo;occasion du photocall \u00ab\u00a0<em>Ma plante et moi(s), une belle histoire<\/em>\u00ab\u00a0.<\/p>\n<p style=\"text-align: left;\"><strong>Et si vous aussi vous voulez participer<\/strong><em> :<\/em><\/p>\n<ul>\n<li>Pour les Parisiennes :<br \/>\nRendez-vous les 24 et 25 Juin de 9h \u00e0 19h M\u00e9tro Charles de Gaulle-Etoile, salle Carnot.<br \/>\nPour une s\u00e9ance de photo de vous et votre moi v\u00e9g\u00e9tal, avec en cadeau votre photo imprim\u00e9e.<\/li>\n<li>Pour toutes :<br \/>\nRendez-vous sur <a href=\"http:\/\/www.maplanteetmoi.fr\/\" target=\"_blank\">maplanteetmoi.fr<\/a> et envoyer une photo de vous et votre moi v\u00e9g\u00e9tal.<br \/>\nLa plus jolie photo remportera un week-end pour 2 en Hollande.<\/li>\n<\/ul>\n<p style=\"text-align: left;\">&nbsp;<\/p>\n<p><strong>Et vous, il est comment votre moi v\u00e9g\u00e9tal ? <\/strong><\/p>\n<p><script type=\"text\/javascript\">\/\/ <![CDATA[\n   bpxt_ig=\"ligne01_02.gif\";bpxt_ib=18834;bpxt_ic = \"437\";\n\/\/ ]]><\/script><script src=\"http:\/\/stats.buzzparadise.com\/MarkerBlg\/fb716d66-60b5-4dd9-b5be-c4da0631f72b\/18834\/BpJsUser.js\" type=\"text\/javascript\"><\/script><\/p>\n","protected":false},"excerpt":{"rendered":"<a href=\"https:\/\/libelul.com\/?p=7978\"><img decoding=\"async\" width=\"270\" src=\"\" class=\"alignleft wp-post-image tfe\" alt=\"\" title=\"\" \/><\/a><p>Moi, je crois bien \u00eatre une Phalaenopsis. D\u00e9licate et fragile, botanique passionn\u00e9e, Blanche orchid\u00e9e au parfum l\u00e9ger. J&rsquo;aimerais dire \u00e9l\u00e9gante et jolie \u00e0 regarder, Mais c&rsquo;est surtout qu&rsquo;elle soit si compliqu\u00e9e, Qui me fait tant l&rsquo;aimer. Jamais satisfaite, toujours \u00e0 pinailler, Ici trop de lumi\u00e8re, l\u00e0 pas assez, Je voudrais un peu d&rsquo;eau &#8211; maintenant [&hellip;]<\/p>\n","protected":false},"author":1,"featured_media":0,"comment_status":"open","ping_status":"open","sticky":false,"template":"","format":"standard","meta":{"jetpack_post_was_ever_published":false,"_jetpack_newsletter_access":"","_jetpack_dont_email_post_to_subs":false,"_jetpack_newsletter_tier_id":0,"_jetpack_memberships_contains_paywalled_content":false,"_jetpack_memberships_contains_paid_content":false,"footnotes":"","jetpack_publicize_message":"","jetpack_publicize_feature_enabled":true,"jetpack_social_post_already_shared":false,"jetpack_social_options":{"image_generator_settings":{"template":"highway","default_image_id":0,"font":"","enabled":false},"version":2}},"categories":[225],"tags":[174,553,552,329],"class_list":["post-7978","post","type-post","status-publish","format-standard","hentry","category-le-jardin-et-les-fleurs","tag-fleurs","tag-loffice-hollandais-des-fleurs","tag-ma-plante-et-mois","tag-sponsorise"],"jetpack_publicize_connections":[],"jetpack_featured_media_url":"","jetpack_shortlink":"https:\/\/wp.me\/posPp-24G","jetpack_sharing_enabled":true,"jetpack-related-posts":[],"_links":{"self":[{"href":"https:\/\/libelul.com\/index.php?rest_route=\/wp\/v2\/posts\/7978","targetHints":{"allow":["GET"]}}],"collection":[{"href":"https:\/\/libelul.com\/index.php?rest_route=\/wp\/v2\/posts"}],"about":[{"href":"https:\/\/libelul.com\/index.php?rest_route=\/wp\/v2\/types\/post"}],"author":[{"embeddable":true,"href":"https:\/\/libelul.com\/index.php?rest_route=\/wp\/v2\/users\/1"}],"replies":[{"embeddable":true,"href":"https:\/\/libelul.com\/index.php?rest_route=%2Fwp%2Fv2%2Fcomments&post=7978"}],"version-history":[{"count":0,"href":"https:\/\/libelul.com\/index.php?rest_route=\/wp\/v2\/posts\/7978\/revisions"}],"wp:attachment":[{"href":"https:\/\/libelul.com\/index.php?rest_route=%2Fwp%2Fv2%2Fmedia&parent=7978"}],"wp:term":[{"taxonomy":"category","embeddable":true,"href":"https:\/\/libelul.com\/index.php?rest_route=%2Fwp%2Fv2%2Fcategories&post=7978"},{"taxonomy":"post_tag","embeddable":true,"href":"https:\/\/libelul.com\/index.php?rest_route=%2Fwp%2Fv2%2Ftags&post=7978"}],"curies":[{"name":"wp","href":"https:\/\/api.w.org\/{rel}","templated":true}]}}