{"id":823,"date":"2009-05-13T12:37:26","date_gmt":"2009-05-13T11:37:26","guid":{"rendered":"http:\/\/libelul.com\/?p=823"},"modified":"2010-05-07T20:24:41","modified_gmt":"2010-05-07T18:24:41","slug":"i-want-this-adri-sous-vetements-bios-pour-enfants","status":"publish","type":"post","link":"https:\/\/libelul.com\/?p=823","title":{"rendered":"I WANT THIS : Adri &#8211; Sous v\u00eatements bio &#8230; mais &#8230; QUE pour enfants ;("},"content":{"rendered":"<p>Moi r\u00e9gressive &#8230; JAMAIS.<\/p>\n<p>Bon c&rsquo;est vrai que j&rsquo;ai compl\u00e8tement craqu\u00e9 sur les petites culottes en coton bio <a href=\"http:\/\/www.adri-shop.com\" target=\"_blank\">Adri<\/a>.<br \/>\nBon c&rsquo;est vrai qu&rsquo;ils s&rsquo;arr\u00eatent \u00e0 la taille 8 ans ! Donc pas pour moi.<br \/>\nBon c&rsquo;est vrai qu&rsquo;ils commencent \u00e0 la taille 3 ans ! Donc pas encore pour James.<\/p>\n<p>Mais bon les culottes princesses, pirates, cow-boy, toutes dans des jolies bo\u00eetes color\u00e9es &#8230; moi \u00e7\u00e0 me donnerait presque envie de faire l\u00e0 une jolie com\u00e9die !<\/p>\n<p><a href=\"http:\/\/libelul.com\/wp-content\/uploads\/2009\/05\/adri-fille.jpg\"><\/a><a href=\"http:\/\/libelul.com\/wp-content\/uploads\/2009\/05\/adri-fille.jpg\"><img loading=\"lazy\" decoding=\"async\" data-attachment-id=\"824\" data-permalink=\"https:\/\/libelul.com\/?attachment_id=824\" data-orig-file=\"https:\/\/libelul.com\/wp-content\/uploads\/2009\/05\/adri-fille.jpg\" data-orig-size=\"700,700\" data-comments-opened=\"1\" data-image-meta=\"{&quot;aperture&quot;:&quot;0&quot;,&quot;credit&quot;:&quot;&quot;,&quot;camera&quot;:&quot;&quot;,&quot;caption&quot;:&quot;&quot;,&quot;created_timestamp&quot;:&quot;0&quot;,&quot;copyright&quot;:&quot;&quot;,&quot;focal_length&quot;:&quot;0&quot;,&quot;iso&quot;:&quot;0&quot;,&quot;shutter_speed&quot;:&quot;0&quot;,&quot;title&quot;:&quot;&quot;}\" data-image-title=\"adri-fille\" data-image-description=\"\" data-image-caption=\"\" data-medium-file=\"https:\/\/libelul.com\/wp-content\/uploads\/2009\/05\/adri-fille-380x379.jpg\" data-large-file=\"https:\/\/libelul.com\/wp-content\/uploads\/2009\/05\/adri-fille-450x450.jpg\" class=\"alignnone size-medium wp-image-824\" title=\"adri-fille\" src=\"http:\/\/libelul.com\/wp-content\/uploads\/2009\/05\/adri-fille-300x300.jpg\" alt=\"adri-fille\" width=\"300\" height=\"300\" \/><\/a><\/p>\n<p><em>Note pour moi plus tard et pour celles qui ont des enfants plus grands, on les trouve entre autres chez <a href=\"http:\/\/www.littlefashiongallery.com\/shop\/fr\/adri-m-102.html\" target=\"_blank\">LFG<\/a>.<\/em><\/p>\n","protected":false},"excerpt":{"rendered":"<a href=\"https:\/\/libelul.com\/?p=823\"><img decoding=\"async\" width=\"270\" src=\"\" class=\"alignleft wp-post-image tfe\" alt=\"\" title=\"\" \/><\/a><p>Moi r\u00e9gressive &#8230; JAMAIS. Bon c&rsquo;est vrai que j&rsquo;ai compl\u00e8tement craqu\u00e9 sur les petites culottes en coton bio Adri. Bon c&rsquo;est vrai qu&rsquo;ils s&rsquo;arr\u00eatent \u00e0 la taille 8 ans ! Donc pas pour moi. Bon c&rsquo;est vrai qu&rsquo;ils commencent \u00e0 la taille 3 ans ! Donc pas encore pour James. Mais bon les culottes princesses, [&hellip;]<\/p>\n","protected":false},"author":1,"featured_media":0,"comment_status":"open","ping_status":"open","sticky":false,"template":"","format":"standard","meta":{"jetpack_post_was_ever_published":false,"_jetpack_newsletter_access":"","_jetpack_dont_email_post_to_subs":false,"_jetpack_newsletter_tier_id":0,"_jetpack_memberships_contains_paywalled_content":false,"_jetpack_memberships_contains_paid_content":false,"footnotes":"","jetpack_publicize_message":"","jetpack_publicize_feature_enabled":true,"jetpack_social_post_already_shared":false,"jetpack_social_options":{"image_generator_settings":{"template":"highway","default_image_id":0,"font":"","enabled":false},"version":2}},"categories":[214],"tags":[342],"class_list":["post-823","post","type-post","status-publish","format-standard","hentry","category-les-enfants","tag-enfant"],"jetpack_publicize_connections":[],"jetpack_featured_media_url":"","jetpack_shortlink":"https:\/\/wp.me\/posPp-dh","jetpack_sharing_enabled":true,"jetpack-related-posts":[],"_links":{"self":[{"href":"https:\/\/libelul.com\/index.php?rest_route=\/wp\/v2\/posts\/823","targetHints":{"allow":["GET"]}}],"collection":[{"href":"https:\/\/libelul.com\/index.php?rest_route=\/wp\/v2\/posts"}],"about":[{"href":"https:\/\/libelul.com\/index.php?rest_route=\/wp\/v2\/types\/post"}],"author":[{"embeddable":true,"href":"https:\/\/libelul.com\/index.php?rest_route=\/wp\/v2\/users\/1"}],"replies":[{"embeddable":true,"href":"https:\/\/libelul.com\/index.php?rest_route=%2Fwp%2Fv2%2Fcomments&post=823"}],"version-history":[{"count":0,"href":"https:\/\/libelul.com\/index.php?rest_route=\/wp\/v2\/posts\/823\/revisions"}],"wp:attachment":[{"href":"https:\/\/libelul.com\/index.php?rest_route=%2Fwp%2Fv2%2Fmedia&parent=823"}],"wp:term":[{"taxonomy":"category","embeddable":true,"href":"https:\/\/libelul.com\/index.php?rest_route=%2Fwp%2Fv2%2Fcategories&post=823"},{"taxonomy":"post_tag","embeddable":true,"href":"https:\/\/libelul.com\/index.php?rest_route=%2Fwp%2Fv2%2Ftags&post=823"}],"curies":[{"name":"wp","href":"https:\/\/api.w.org\/{rel}","templated":true}]}}