{"id":8295,"date":"2011-07-07T05:30:00","date_gmt":"2011-07-07T03:30:00","guid":{"rendered":"http:\/\/libelul.com\/?p=8295"},"modified":"2013-07-07T15:21:21","modified_gmt":"2013-07-07T13:21:21","slug":"parfums-d-ailleurs","status":"publish","type":"post","link":"https:\/\/libelul.com\/?p=8295","title":{"rendered":"Parfums d&rsquo;ailleurs &#8230;"},"content":{"rendered":"<p>Moi j&rsquo;ai envie d&rsquo;exotisme,<br \/>\nDe changer mon quotidien.<\/p>\n<p>Des plantes diff\u00e9rentes, des fleurs \u00e9tonnantes,<br \/>\nDes musiques d&rsquo;ailleurs, de nouvelles saveurs,<br \/>\nChanger la palette de mes habituelles couleurs.<\/p>\n<p>Une maison ombrag\u00e9e au jolis murs bleus,<br \/>\nDes voilages pour laisser entre la fine brise d&rsquo;\u00e9t\u00e9.<\/p>\n<p style=\"text-align: center;\"><img loading=\"lazy\" decoding=\"async\" data-attachment-id=\"8300\" data-permalink=\"https:\/\/libelul.com\/?attachment_id=8300\" data-orig-file=\"https:\/\/libelul.com\/wp-content\/uploads\/2011\/07\/verana.jpg\" data-orig-size=\"864,576\" data-comments-opened=\"1\" data-image-meta=\"{&quot;aperture&quot;:&quot;0&quot;,&quot;credit&quot;:&quot;&quot;,&quot;camera&quot;:&quot;&quot;,&quot;caption&quot;:&quot;&quot;,&quot;created_timestamp&quot;:&quot;0&quot;,&quot;copyright&quot;:&quot;&quot;,&quot;focal_length&quot;:&quot;0&quot;,&quot;iso&quot;:&quot;0&quot;,&quot;shutter_speed&quot;:&quot;0&quot;,&quot;title&quot;:&quot;&quot;}\" data-image-title=\"verana\" data-image-description=\"\" data-image-caption=\"\" data-medium-file=\"https:\/\/libelul.com\/wp-content\/uploads\/2011\/07\/verana-380x253.jpg\" data-large-file=\"https:\/\/libelul.com\/wp-content\/uploads\/2011\/07\/verana-450x300.jpg\" class=\"alignnone size-large wp-image-8300\" title=\"verana\" src=\"http:\/\/libelul.com\/wp-content\/uploads\/2011\/07\/verana-450x300.jpg\" alt=\"\" width=\"450\" height=\"300\" srcset=\"https:\/\/libelul.com\/wp-content\/uploads\/2011\/07\/verana-450x300.jpg 450w, https:\/\/libelul.com\/wp-content\/uploads\/2011\/07\/verana-380x253.jpg 380w, https:\/\/libelul.com\/wp-content\/uploads\/2011\/07\/verana.jpg 864w\" sizes=\"auto, (max-width: 450px) 100vw, 450px\" \/><br \/>\n<img loading=\"lazy\" decoding=\"async\" data-attachment-id=\"8302\" data-permalink=\"https:\/\/libelul.com\/?attachment_id=8302\" data-orig-file=\"https:\/\/libelul.com\/wp-content\/uploads\/2011\/07\/verana2.jpg\" data-orig-size=\"656,263\" data-comments-opened=\"1\" data-image-meta=\"{&quot;aperture&quot;:&quot;0&quot;,&quot;credit&quot;:&quot;&quot;,&quot;camera&quot;:&quot;&quot;,&quot;caption&quot;:&quot;&quot;,&quot;created_timestamp&quot;:&quot;0&quot;,&quot;copyright&quot;:&quot;&quot;,&quot;focal_length&quot;:&quot;0&quot;,&quot;iso&quot;:&quot;0&quot;,&quot;shutter_speed&quot;:&quot;0&quot;,&quot;title&quot;:&quot;&quot;}\" data-image-title=\"verana2\" data-image-description=\"\" data-image-caption=\"\" data-medium-file=\"https:\/\/libelul.com\/wp-content\/uploads\/2011\/07\/verana2-380x152.jpg\" data-large-file=\"https:\/\/libelul.com\/wp-content\/uploads\/2011\/07\/verana2-450x180.jpg\" class=\"alignnone size-large wp-image-8302\" title=\"verana2\" src=\"http:\/\/libelul.com\/wp-content\/uploads\/2011\/07\/verana2-450x180.jpg\" alt=\"\" width=\"450\" height=\"180\" srcset=\"https:\/\/libelul.com\/wp-content\/uploads\/2011\/07\/verana2-450x180.jpg 450w, https:\/\/libelul.com\/wp-content\/uploads\/2011\/07\/verana2-380x152.jpg 380w, https:\/\/libelul.com\/wp-content\/uploads\/2011\/07\/verana2.jpg 656w\" sizes=\"auto, (max-width: 450px) 100vw, 450px\" \/><\/p>\n<p style=\"text-align: center;\">Small Luxury Spa &amp; Eco logde <a href=\"http:\/\/www.verana.com\" target=\"_blank\">Verana<\/a><\/p>\n<p style=\"text-align: left;\">Ai-je besoin d&rsquo;aller si loin pour me d\u00e9payser ?<br \/>\nAlors qu&rsquo;en sortant de la ville, il y a d\u00e9j\u00e0 tant de choses \u00e0 contempler.<\/p>\n<p style=\"text-align: left;\"><strong>Et vous, o\u00f9 vous entra\u00eene votre besoin de d\u00e9paysement ?<\/strong><\/p>\n","protected":false},"excerpt":{"rendered":"<a href=\"https:\/\/libelul.com\/?p=8295\"><img decoding=\"async\" width=\"270\" src=\"\" class=\"alignleft wp-post-image tfe\" alt=\"\" title=\"\" \/><\/a><p>Moi j&rsquo;ai envie d&rsquo;exotisme, De changer mon quotidien. Des plantes diff\u00e9rentes, des fleurs \u00e9tonnantes, Des musiques d&rsquo;ailleurs, de nouvelles saveurs, Changer la palette de mes habituelles couleurs. Une maison ombrag\u00e9e au jolis murs bleus, Des voilages pour laisser entre la fine brise d&rsquo;\u00e9t\u00e9. Small Luxury Spa &amp; Eco logde Verana Ai-je besoin d&rsquo;aller si loin [&hellip;]<\/p>\n","protected":false},"author":1,"featured_media":0,"comment_status":"open","ping_status":"open","sticky":false,"template":"","format":"standard","meta":{"jetpack_post_was_ever_published":false,"_jetpack_newsletter_access":"","_jetpack_dont_email_post_to_subs":false,"_jetpack_newsletter_tier_id":0,"_jetpack_memberships_contains_paywalled_content":false,"_jetpack_memberships_contains_paid_content":false,"footnotes":"","jetpack_publicize_message":"","jetpack_publicize_feature_enabled":true,"jetpack_social_post_already_shared":false,"jetpack_social_options":{"image_generator_settings":{"template":"highway","default_image_id":0,"font":"","enabled":false},"version":2}},"categories":[224],"tags":[46,97,23],"class_list":["post-8295","post","type-post","status-publish","format-standard","hentry","category-de-si-beaux-voyages","tag-ecolo","tag-hotel","tag-voyages"],"jetpack_publicize_connections":[],"jetpack_featured_media_url":"","jetpack_shortlink":"https:\/\/wp.me\/posPp-29N","jetpack_sharing_enabled":true,"jetpack-related-posts":[],"_links":{"self":[{"href":"https:\/\/libelul.com\/index.php?rest_route=\/wp\/v2\/posts\/8295","targetHints":{"allow":["GET"]}}],"collection":[{"href":"https:\/\/libelul.com\/index.php?rest_route=\/wp\/v2\/posts"}],"about":[{"href":"https:\/\/libelul.com\/index.php?rest_route=\/wp\/v2\/types\/post"}],"author":[{"embeddable":true,"href":"https:\/\/libelul.com\/index.php?rest_route=\/wp\/v2\/users\/1"}],"replies":[{"embeddable":true,"href":"https:\/\/libelul.com\/index.php?rest_route=%2Fwp%2Fv2%2Fcomments&post=8295"}],"version-history":[{"count":0,"href":"https:\/\/libelul.com\/index.php?rest_route=\/wp\/v2\/posts\/8295\/revisions"}],"wp:attachment":[{"href":"https:\/\/libelul.com\/index.php?rest_route=%2Fwp%2Fv2%2Fmedia&parent=8295"}],"wp:term":[{"taxonomy":"category","embeddable":true,"href":"https:\/\/libelul.com\/index.php?rest_route=%2Fwp%2Fv2%2Fcategories&post=8295"},{"taxonomy":"post_tag","embeddable":true,"href":"https:\/\/libelul.com\/index.php?rest_route=%2Fwp%2Fv2%2Ftags&post=8295"}],"curies":[{"name":"wp","href":"https:\/\/api.w.org\/{rel}","templated":true}]}}