{"id":8444,"date":"2011-07-15T05:30:43","date_gmt":"2011-07-15T03:30:43","guid":{"rendered":"http:\/\/libelul.com\/?p=8444"},"modified":"2011-07-14T23:34:28","modified_gmt":"2011-07-14T21:34:28","slug":"larc-en-ciel-volant","status":"publish","type":"post","link":"https:\/\/libelul.com\/?p=8444","title":{"rendered":"L&rsquo;arc-en-ciel volant &#8230;"},"content":{"rendered":"<p>Moi j&rsquo;aime les cerfs-volants.<br \/>\nLe premier dont je me souvienne volait au dessus de Rio,<br \/>\nJe devais avoir 6 ans, je vivais loin d&rsquo;o\u00f9 je suis maintenant.<\/p>\n<p>Mon papa le tenait, le faisait virevolter, je l&rsquo;admirais,<br \/>\nComme toujours.<\/p>\n<p style=\"text-align: center;\"><img loading=\"lazy\" decoding=\"async\" data-attachment-id=\"8445\" data-permalink=\"https:\/\/libelul.com\/?attachment_id=8445\" data-orig-file=\"https:\/\/libelul.com\/wp-content\/uploads\/2011\/07\/il_570xN.185887961.jpg\" data-orig-size=\"570,570\" data-comments-opened=\"1\" data-image-meta=\"{&quot;aperture&quot;:&quot;0&quot;,&quot;credit&quot;:&quot;&quot;,&quot;camera&quot;:&quot;&quot;,&quot;caption&quot;:&quot;&quot;,&quot;created_timestamp&quot;:&quot;0&quot;,&quot;copyright&quot;:&quot;&quot;,&quot;focal_length&quot;:&quot;0&quot;,&quot;iso&quot;:&quot;0&quot;,&quot;shutter_speed&quot;:&quot;0&quot;,&quot;title&quot;:&quot;&quot;}\" data-image-title=\"il_570xN.185887961\" data-image-description=\"\" data-image-caption=\"\" data-medium-file=\"https:\/\/libelul.com\/wp-content\/uploads\/2011\/07\/il_570xN.185887961-380x380.jpg\" data-large-file=\"https:\/\/libelul.com\/wp-content\/uploads\/2011\/07\/il_570xN.185887961-450x450.jpg\" class=\"alignnone size-large wp-image-8445\" title=\"il_570xN.185887961\" src=\"http:\/\/libelul.com\/wp-content\/uploads\/2011\/07\/il_570xN.185887961-450x450.jpg\" alt=\"\" width=\"450\" height=\"450\" srcset=\"https:\/\/libelul.com\/wp-content\/uploads\/2011\/07\/il_570xN.185887961-450x450.jpg 450w, https:\/\/libelul.com\/wp-content\/uploads\/2011\/07\/il_570xN.185887961-150x150.jpg 150w, https:\/\/libelul.com\/wp-content\/uploads\/2011\/07\/il_570xN.185887961-380x380.jpg 380w, https:\/\/libelul.com\/wp-content\/uploads\/2011\/07\/il_570xN.185887961.jpg 570w\" sizes=\"auto, (max-width: 450px) 100vw, 450px\" \/><\/p>\n<p style=\"text-align: center;\">Hand Embroidered-Wall Art-Kite by <a href=\"http:\/\/www.etsy.com\/listing\/59737466\/hand-embroidered-wall-art-kite\" target=\"_blank\">Sukanart<\/a><\/p>\n<p style=\"text-align: left;\">C&rsquo;est lui qui m&rsquo;a appris \u00e0 d\u00e9ployer mes ailes,<br \/>\nM&rsquo;a donn\u00e9 envie de voler haut,<br \/>\nAller d\u00e9crocher quelques \u00e9toiles,<br \/>\nEt faire attention \u00e0 ce qui est beau.<\/p>\n<p style=\"text-align: left;\"><strong>Et je l&rsquo;aime.<\/strong><\/p>\n","protected":false},"excerpt":{"rendered":"<a href=\"https:\/\/libelul.com\/?p=8444\"><img decoding=\"async\" width=\"270\" src=\"\" class=\"alignleft wp-post-image tfe\" alt=\"\" title=\"\" \/><\/a><p>Moi j&rsquo;aime les cerfs-volants. Le premier dont je me souvienne volait au dessus de Rio, Je devais avoir 6 ans, je vivais loin d&rsquo;o\u00f9 je suis maintenant. Mon papa le tenait, le faisait virevolter, je l&rsquo;admirais, Comme toujours. Hand Embroidered-Wall Art-Kite by Sukanart C&rsquo;est lui qui m&rsquo;a appris \u00e0 d\u00e9ployer mes ailes, M&rsquo;a donn\u00e9 envie [&hellip;]<\/p>\n","protected":false},"author":1,"featured_media":0,"comment_status":"open","ping_status":"open","sticky":false,"template":"","format":"standard","meta":{"jetpack_post_was_ever_published":false,"_jetpack_newsletter_access":"","_jetpack_dont_email_post_to_subs":false,"_jetpack_newsletter_tier_id":0,"_jetpack_memberships_contains_paywalled_content":false,"_jetpack_memberships_contains_paid_content":false,"footnotes":"","jetpack_publicize_message":"","jetpack_publicize_feature_enabled":true,"jetpack_social_post_already_shared":false,"jetpack_social_options":{"image_generator_settings":{"template":"highway","default_image_id":0,"font":"","enabled":false},"version":2}},"categories":[38],"tags":[57,396],"class_list":["post-8444","post","type-post","status-publish","format-standard","hentry","category-mes-humeurs-et-concours","tag-creation","tag-pensees"],"jetpack_publicize_connections":[],"jetpack_featured_media_url":"","jetpack_shortlink":"https:\/\/wp.me\/posPp-2cc","jetpack_sharing_enabled":true,"jetpack-related-posts":[],"_links":{"self":[{"href":"https:\/\/libelul.com\/index.php?rest_route=\/wp\/v2\/posts\/8444","targetHints":{"allow":["GET"]}}],"collection":[{"href":"https:\/\/libelul.com\/index.php?rest_route=\/wp\/v2\/posts"}],"about":[{"href":"https:\/\/libelul.com\/index.php?rest_route=\/wp\/v2\/types\/post"}],"author":[{"embeddable":true,"href":"https:\/\/libelul.com\/index.php?rest_route=\/wp\/v2\/users\/1"}],"replies":[{"embeddable":true,"href":"https:\/\/libelul.com\/index.php?rest_route=%2Fwp%2Fv2%2Fcomments&post=8444"}],"version-history":[{"count":0,"href":"https:\/\/libelul.com\/index.php?rest_route=\/wp\/v2\/posts\/8444\/revisions"}],"wp:attachment":[{"href":"https:\/\/libelul.com\/index.php?rest_route=%2Fwp%2Fv2%2Fmedia&parent=8444"}],"wp:term":[{"taxonomy":"category","embeddable":true,"href":"https:\/\/libelul.com\/index.php?rest_route=%2Fwp%2Fv2%2Fcategories&post=8444"},{"taxonomy":"post_tag","embeddable":true,"href":"https:\/\/libelul.com\/index.php?rest_route=%2Fwp%2Fv2%2Ftags&post=8444"}],"curies":[{"name":"wp","href":"https:\/\/api.w.org\/{rel}","templated":true}]}}