{"id":8797,"date":"2011-08-02T05:30:44","date_gmt":"2011-08-02T03:30:44","guid":{"rendered":"http:\/\/libelul.com\/?p=8797"},"modified":"2011-08-02T11:33:20","modified_gmt":"2011-08-02T09:33:20","slug":"le-petit-matin","status":"publish","type":"post","link":"https:\/\/libelul.com\/?p=8797","title":{"rendered":"Le petit matin &#8230;"},"content":{"rendered":"<p>Moi ce que je pr\u00e9f\u00e8re en vacances &#8230;<br \/>\nLes grasses matin\u00e9es, le petit d\u00e9jeuner au lit,<br \/>\nLe joli silence de la matin\u00e9e.<\/p>\n<p>Laisser entrer les doux rayons de soleil dans ma chambre,<br \/>\n\u00c9couter le chant des oiseaux,<br \/>\nAccueillir en douceur la nouvelle journ\u00e9e.<\/p>\n<p>Sans r\u00e9veil, sans contraintes, sans horaires.<\/p>\n<p style=\"text-align: center;\"><img loading=\"lazy\" decoding=\"async\" data-attachment-id=\"8798\" data-permalink=\"https:\/\/libelul.com\/?attachment_id=8798\" data-orig-file=\"https:\/\/libelul.com\/wp-content\/uploads\/2011\/08\/69509761_1iiSF9Kc_c.jpg\" data-orig-size=\"467,700\" data-comments-opened=\"1\" data-image-meta=\"{&quot;aperture&quot;:&quot;0&quot;,&quot;credit&quot;:&quot;&quot;,&quot;camera&quot;:&quot;&quot;,&quot;caption&quot;:&quot;&quot;,&quot;created_timestamp&quot;:&quot;0&quot;,&quot;copyright&quot;:&quot;&quot;,&quot;focal_length&quot;:&quot;0&quot;,&quot;iso&quot;:&quot;0&quot;,&quot;shutter_speed&quot;:&quot;0&quot;,&quot;title&quot;:&quot;&quot;}\" data-image-title=\"69509761_1iiSF9Kc_c\" data-image-description=\"\" data-image-caption=\"\" data-medium-file=\"https:\/\/libelul.com\/wp-content\/uploads\/2011\/08\/69509761_1iiSF9Kc_c-380x569.jpg\" data-large-file=\"https:\/\/libelul.com\/wp-content\/uploads\/2011\/08\/69509761_1iiSF9Kc_c-450x674.jpg\" class=\"alignnone size-large wp-image-8798\" title=\"69509761_1iiSF9Kc_c\" src=\"http:\/\/libelul.com\/wp-content\/uploads\/2011\/08\/69509761_1iiSF9Kc_c-450x674.jpg\" alt=\"\" width=\"450\" height=\"674\" srcset=\"https:\/\/libelul.com\/wp-content\/uploads\/2011\/08\/69509761_1iiSF9Kc_c-450x674.jpg 450w, https:\/\/libelul.com\/wp-content\/uploads\/2011\/08\/69509761_1iiSF9Kc_c-380x569.jpg 380w, https:\/\/libelul.com\/wp-content\/uploads\/2011\/08\/69509761_1iiSF9Kc_c.jpg 467w\" sizes=\"auto, (max-width: 450px) 100vw, 450px\" \/><\/p>\n<p style=\"text-align: center;\">Home inspiration @ <a href=\"http:\/\/vanishingelephant.tumblr.com\/post\/6677576678\" target=\"_blank\">Vanishing Elephant<\/a><\/p>\n<p style=\"text-align: left;\">Toutes ces choses qui sont devenues mes petites madeleines de Proust,<br \/>\nMaintenant que <em>James<\/em> se charge de nous r\u00e9veiller &#8230; \u00e0 l&rsquo;aube et demi.<\/p>\n<p style=\"text-align: left;\"><strong>Et vous, vous aussi vous avez des enfants extr\u00eamement matinaux ?<\/strong><br \/>\n<strong>Des solutions \u00e0 nous conseiller ?<\/strong><\/p>\n<p><span style=\"display: block; width: 136px; height: 72px; position: relative; padding: 0pt; border: 0pt none; margin: 0pt; clear: both; background-image: url(http:\/\/libelul.com\/wp-content\/uploads\/2011\/07\/TOP-HELLO-HUMEURS.jpg);\"> <\/span><\/p>\n","protected":false},"excerpt":{"rendered":"<a href=\"https:\/\/libelul.com\/?p=8797\"><img decoding=\"async\" width=\"270\" src=\"\" class=\"alignleft wp-post-image tfe\" alt=\"\" title=\"\" \/><\/a><p>Moi ce que je pr\u00e9f\u00e8re en vacances &#8230; Les grasses matin\u00e9es, le petit d\u00e9jeuner au lit, Le joli silence de la matin\u00e9e. Laisser entrer les doux rayons de soleil dans ma chambre, \u00c9couter le chant des oiseaux, Accueillir en douceur la nouvelle journ\u00e9e. Sans r\u00e9veil, sans contraintes, sans horaires. Home inspiration @ Vanishing Elephant Toutes [&hellip;]<\/p>\n","protected":false},"author":1,"featured_media":0,"comment_status":"open","ping_status":"open","sticky":false,"template":"","format":"standard","meta":{"jetpack_post_was_ever_published":false,"_jetpack_newsletter_access":"","_jetpack_dont_email_post_to_subs":false,"_jetpack_newsletter_tier_id":0,"_jetpack_memberships_contains_paywalled_content":false,"_jetpack_memberships_contains_paid_content":false,"footnotes":"","jetpack_publicize_message":"","jetpack_publicize_feature_enabled":true,"jetpack_social_post_already_shared":false,"jetpack_social_options":{"image_generator_settings":{"template":"highway","default_image_id":0,"font":"","enabled":false},"version":2}},"categories":[217],"tags":[394,174,206],"class_list":["post-8797","post","type-post","status-publish","format-standard","hentry","category-la-maison","tag-decoration","tag-fleurs","tag-vous-avez-aime"],"jetpack_publicize_connections":[],"jetpack_featured_media_url":"","jetpack_shortlink":"https:\/\/wp.me\/posPp-2hT","jetpack_sharing_enabled":true,"jetpack-related-posts":[],"_links":{"self":[{"href":"https:\/\/libelul.com\/index.php?rest_route=\/wp\/v2\/posts\/8797","targetHints":{"allow":["GET"]}}],"collection":[{"href":"https:\/\/libelul.com\/index.php?rest_route=\/wp\/v2\/posts"}],"about":[{"href":"https:\/\/libelul.com\/index.php?rest_route=\/wp\/v2\/types\/post"}],"author":[{"embeddable":true,"href":"https:\/\/libelul.com\/index.php?rest_route=\/wp\/v2\/users\/1"}],"replies":[{"embeddable":true,"href":"https:\/\/libelul.com\/index.php?rest_route=%2Fwp%2Fv2%2Fcomments&post=8797"}],"version-history":[{"count":0,"href":"https:\/\/libelul.com\/index.php?rest_route=\/wp\/v2\/posts\/8797\/revisions"}],"wp:attachment":[{"href":"https:\/\/libelul.com\/index.php?rest_route=%2Fwp%2Fv2%2Fmedia&parent=8797"}],"wp:term":[{"taxonomy":"category","embeddable":true,"href":"https:\/\/libelul.com\/index.php?rest_route=%2Fwp%2Fv2%2Fcategories&post=8797"},{"taxonomy":"post_tag","embeddable":true,"href":"https:\/\/libelul.com\/index.php?rest_route=%2Fwp%2Fv2%2Ftags&post=8797"}],"curies":[{"name":"wp","href":"https:\/\/api.w.org\/{rel}","templated":true}]}}