{"id":9125,"date":"2011-08-21T05:30:36","date_gmt":"2011-08-21T03:30:36","guid":{"rendered":"http:\/\/libelul.com\/?p=9125"},"modified":"2011-08-21T11:23:17","modified_gmt":"2011-08-21T09:23:17","slug":"lamour-de-vacances","status":"publish","type":"post","link":"https:\/\/libelul.com\/?p=9125","title":{"rendered":"L&rsquo;amour de vacances &#8230;"},"content":{"rendered":"<p>Moi je n&rsquo;ai pas compt\u00e9 les jours.<br \/>\nPourtant pr\u00e8s de dix mille se sont \u00e9coul\u00e9s,<br \/>\nAvant que mes yeux trouvent enfin le h\u00e9ros tant r\u00eav\u00e9.<\/p>\n<p>\u00c0 cette seconde une petite voix m&rsquo;a assur\u00e9,<br \/>\nQue pour une fois, ma garde je pouvais la baisser,<br \/>\nEt sans crainte te laisser entrer.<\/p>\n<p style=\"text-align: center;\"><img loading=\"lazy\" decoding=\"async\" data-attachment-id=\"9126\" data-permalink=\"https:\/\/libelul.com\/?attachment_id=9126\" data-orig-file=\"https:\/\/libelul.com\/wp-content\/uploads\/2011\/08\/mon-amour.jpg\" data-orig-size=\"450,323\" data-comments-opened=\"1\" data-image-meta=\"{&quot;aperture&quot;:&quot;0&quot;,&quot;credit&quot;:&quot;&quot;,&quot;camera&quot;:&quot;&quot;,&quot;caption&quot;:&quot;&quot;,&quot;created_timestamp&quot;:&quot;0&quot;,&quot;copyright&quot;:&quot;&quot;,&quot;focal_length&quot;:&quot;0&quot;,&quot;iso&quot;:&quot;0&quot;,&quot;shutter_speed&quot;:&quot;0&quot;,&quot;title&quot;:&quot;&quot;}\" data-image-title=\"mon-amour\" data-image-description=\"\" data-image-caption=\"\" data-medium-file=\"https:\/\/libelul.com\/wp-content\/uploads\/2011\/08\/mon-amour-380x272.jpg\" data-large-file=\"https:\/\/libelul.com\/wp-content\/uploads\/2011\/08\/mon-amour.jpg\" class=\"alignnone size-full wp-image-9126\" title=\"mon-amour\" src=\"http:\/\/libelul.com\/wp-content\/uploads\/2011\/08\/mon-amour.jpg\" alt=\"\" width=\"450\" height=\"323\" srcset=\"https:\/\/libelul.com\/wp-content\/uploads\/2011\/08\/mon-amour.jpg 450w, https:\/\/libelul.com\/wp-content\/uploads\/2011\/08\/mon-amour-380x272.jpg 380w\" sizes=\"auto, (max-width: 450px) 100vw, 450px\" \/><\/p>\n<p style=\"text-align: center;\">Photo inspiration by <a href=\"http:\/\/yvetteinufio.com\" target=\"_blank\">Yvette Inufio<\/a><\/p>\n<p style=\"text-align: left;\">Je voudrais te remercier, pour tout ce que tu m&rsquo;as apport\u00e9,<br \/>\nPour ce regard que tu poses encore sur moi,<\/p>\n<p><strong>Pour ces 3651 journ\u00e9es &#8230; avec toi.<\/strong><\/p>\n","protected":false},"excerpt":{"rendered":"<a href=\"https:\/\/libelul.com\/?p=9125\"><img decoding=\"async\" width=\"270\" src=\"\" class=\"alignleft wp-post-image tfe\" alt=\"\" title=\"\" \/><\/a><p>Moi je n&rsquo;ai pas compt\u00e9 les jours. Pourtant pr\u00e8s de dix mille se sont \u00e9coul\u00e9s, Avant que mes yeux trouvent enfin le h\u00e9ros tant r\u00eav\u00e9. \u00c0 cette seconde une petite voix m&rsquo;a assur\u00e9, Que pour une fois, ma garde je pouvais la baisser, Et sans crainte te laisser entrer. Photo inspiration by Yvette Inufio Je [&hellip;]<\/p>\n","protected":false},"author":1,"featured_media":0,"comment_status":"open","ping_status":"open","sticky":false,"template":"","format":"standard","meta":{"jetpack_post_was_ever_published":false,"_jetpack_newsletter_access":"","_jetpack_dont_email_post_to_subs":false,"_jetpack_newsletter_tier_id":0,"_jetpack_memberships_contains_paywalled_content":false,"_jetpack_memberships_contains_paid_content":false,"footnotes":"","jetpack_publicize_message":"","jetpack_publicize_feature_enabled":true,"jetpack_social_post_already_shared":false,"jetpack_social_options":{"image_generator_settings":{"template":"highway","default_image_id":0,"font":"","enabled":false},"version":2}},"categories":[38],"tags":[396],"class_list":["post-9125","post","type-post","status-publish","format-standard","hentry","category-mes-humeurs-et-concours","tag-pensees"],"jetpack_publicize_connections":[],"jetpack_featured_media_url":"","jetpack_shortlink":"https:\/\/wp.me\/posPp-2nb","jetpack_sharing_enabled":true,"jetpack-related-posts":[],"_links":{"self":[{"href":"https:\/\/libelul.com\/index.php?rest_route=\/wp\/v2\/posts\/9125","targetHints":{"allow":["GET"]}}],"collection":[{"href":"https:\/\/libelul.com\/index.php?rest_route=\/wp\/v2\/posts"}],"about":[{"href":"https:\/\/libelul.com\/index.php?rest_route=\/wp\/v2\/types\/post"}],"author":[{"embeddable":true,"href":"https:\/\/libelul.com\/index.php?rest_route=\/wp\/v2\/users\/1"}],"replies":[{"embeddable":true,"href":"https:\/\/libelul.com\/index.php?rest_route=%2Fwp%2Fv2%2Fcomments&post=9125"}],"version-history":[{"count":0,"href":"https:\/\/libelul.com\/index.php?rest_route=\/wp\/v2\/posts\/9125\/revisions"}],"wp:attachment":[{"href":"https:\/\/libelul.com\/index.php?rest_route=%2Fwp%2Fv2%2Fmedia&parent=9125"}],"wp:term":[{"taxonomy":"category","embeddable":true,"href":"https:\/\/libelul.com\/index.php?rest_route=%2Fwp%2Fv2%2Fcategories&post=9125"},{"taxonomy":"post_tag","embeddable":true,"href":"https:\/\/libelul.com\/index.php?rest_route=%2Fwp%2Fv2%2Ftags&post=9125"}],"curies":[{"name":"wp","href":"https:\/\/api.w.org\/{rel}","templated":true}]}}