{"id":9390,"date":"2011-09-04T05:25:04","date_gmt":"2011-09-04T03:25:04","guid":{"rendered":"http:\/\/libelul.com\/?p=9390"},"modified":"2011-09-04T12:41:57","modified_gmt":"2011-09-04T10:41:57","slug":"le-trac-de-la-rentree","status":"publish","type":"post","link":"https:\/\/libelul.com\/?p=9390","title":{"rendered":"Le trac de la rentr\u00e9e &#8230;"},"content":{"rendered":"<p>Moi je vais devoir le laisser.<br \/>\nEt j&rsquo;ai peur.<\/p>\n<p>Peur pour lui de ce saut dans la soci\u00e9t\u00e9 qu&rsquo;il va faire,<br \/>\nPeur qu&rsquo;elle ne l&rsquo;abime, qu&rsquo;elle efface sa jolie candeur,<br \/>\nPeur, peur &#8230; simplement peur.<\/p>\n<p style=\"text-align: center;\"><img loading=\"lazy\" decoding=\"async\" data-attachment-id=\"9397\" data-permalink=\"https:\/\/libelul.com\/?attachment_id=9397\" data-orig-file=\"https:\/\/libelul.com\/wp-content\/uploads\/2011\/09\/AndersRuffSchoolDay_10b.jpg\" data-orig-size=\"600,415\" data-comments-opened=\"1\" data-image-meta=\"{&quot;aperture&quot;:&quot;0&quot;,&quot;credit&quot;:&quot;&quot;,&quot;camera&quot;:&quot;&quot;,&quot;caption&quot;:&quot;&quot;,&quot;created_timestamp&quot;:&quot;0&quot;,&quot;copyright&quot;:&quot;&quot;,&quot;focal_length&quot;:&quot;0&quot;,&quot;iso&quot;:&quot;0&quot;,&quot;shutter_speed&quot;:&quot;0&quot;,&quot;title&quot;:&quot;&quot;}\" data-image-title=\"AndersRuffSchoolDay_10b\" data-image-description=\"\" data-image-caption=\"\" data-medium-file=\"https:\/\/libelul.com\/wp-content\/uploads\/2011\/09\/AndersRuffSchoolDay_10b-380x262.jpg\" data-large-file=\"https:\/\/libelul.com\/wp-content\/uploads\/2011\/09\/AndersRuffSchoolDay_10b-450x311.jpg\" class=\"alignnone size-large wp-image-9397\" title=\"AndersRuffSchoolDay_10b\" src=\"http:\/\/libelul.com\/wp-content\/uploads\/2011\/09\/AndersRuffSchoolDay_10b-450x311.jpg\" alt=\"\" width=\"450\" height=\"311\" srcset=\"https:\/\/libelul.com\/wp-content\/uploads\/2011\/09\/AndersRuffSchoolDay_10b-450x311.jpg 450w, https:\/\/libelul.com\/wp-content\/uploads\/2011\/09\/AndersRuffSchoolDay_10b-380x262.jpg 380w, https:\/\/libelul.com\/wp-content\/uploads\/2011\/09\/AndersRuffSchoolDay_10b.jpg 600w\" sizes=\"auto, (max-width: 450px) 100vw, 450px\" \/><\/p>\n<p style=\"text-align: center;\">School snack by <a href=\"http:\/\/www.andersruff.com\/\" target=\"_blank\">Anders Ruff<\/a><\/p>\n<p>R\u00e9aliser que le cycle qui d\u00e9bute,<br \/>\nVa faire de lui un jour un adulte,<br \/>\nSentir son envie et le savoir pr\u00eat.<\/p>\n<p>\u00c0 moi de ranger ces peurs imb\u00e9ciles,<br \/>\nDe l&rsquo;aider du mieux que je peux,<br \/>\nEt c\u00e9l\u00e9brer avec joie, cette entr\u00e9e en Maternelle.<\/p>\n<p><strong>Et vous, le trac pour votre veille de premi\u00e8re rentr\u00e9e ?<\/strong><\/p>\n<p><em>Et une pens\u00e9e pour toutes les mamans qui s&rsquo;appr\u00eatent comme moi,<br \/>\n\u00c0 voir leur petit faire sa premi\u00e8re rentr\u00e9e.<\/em><\/p>\n","protected":false},"excerpt":{"rendered":"<a href=\"https:\/\/libelul.com\/?p=9390\"><img decoding=\"async\" width=\"270\" src=\"\" class=\"alignleft wp-post-image tfe\" alt=\"\" title=\"\" \/><\/a><p>Moi je vais devoir le laisser. Et j&rsquo;ai peur. Peur pour lui de ce saut dans la soci\u00e9t\u00e9 qu&rsquo;il va faire, Peur qu&rsquo;elle ne l&rsquo;abime, qu&rsquo;elle efface sa jolie candeur, Peur, peur &#8230; simplement peur. School snack by Anders Ruff R\u00e9aliser que le cycle qui d\u00e9bute, Va faire de lui un jour un adulte, Sentir [&hellip;]<\/p>\n","protected":false},"author":1,"featured_media":0,"comment_status":"open","ping_status":"open","sticky":false,"template":"","format":"standard","meta":{"jetpack_post_was_ever_published":false,"_jetpack_newsletter_access":"","_jetpack_dont_email_post_to_subs":false,"_jetpack_newsletter_tier_id":0,"_jetpack_memberships_contains_paywalled_content":false,"_jetpack_memberships_contains_paid_content":false,"footnotes":"","jetpack_publicize_message":"","jetpack_publicize_feature_enabled":true,"jetpack_social_post_already_shared":false,"jetpack_social_options":{"image_generator_settings":{"template":"highway","default_image_id":0,"font":"","enabled":false},"version":2}},"categories":[214],"tags":[],"class_list":["post-9390","post","type-post","status-publish","format-standard","hentry","category-les-enfants"],"jetpack_publicize_connections":[],"jetpack_featured_media_url":"","jetpack_shortlink":"https:\/\/wp.me\/posPp-2rs","jetpack_sharing_enabled":true,"jetpack-related-posts":[],"_links":{"self":[{"href":"https:\/\/libelul.com\/index.php?rest_route=\/wp\/v2\/posts\/9390","targetHints":{"allow":["GET"]}}],"collection":[{"href":"https:\/\/libelul.com\/index.php?rest_route=\/wp\/v2\/posts"}],"about":[{"href":"https:\/\/libelul.com\/index.php?rest_route=\/wp\/v2\/types\/post"}],"author":[{"embeddable":true,"href":"https:\/\/libelul.com\/index.php?rest_route=\/wp\/v2\/users\/1"}],"replies":[{"embeddable":true,"href":"https:\/\/libelul.com\/index.php?rest_route=%2Fwp%2Fv2%2Fcomments&post=9390"}],"version-history":[{"count":0,"href":"https:\/\/libelul.com\/index.php?rest_route=\/wp\/v2\/posts\/9390\/revisions"}],"wp:attachment":[{"href":"https:\/\/libelul.com\/index.php?rest_route=%2Fwp%2Fv2%2Fmedia&parent=9390"}],"wp:term":[{"taxonomy":"category","embeddable":true,"href":"https:\/\/libelul.com\/index.php?rest_route=%2Fwp%2Fv2%2Fcategories&post=9390"},{"taxonomy":"post_tag","embeddable":true,"href":"https:\/\/libelul.com\/index.php?rest_route=%2Fwp%2Fv2%2Ftags&post=9390"}],"curies":[{"name":"wp","href":"https:\/\/api.w.org\/{rel}","templated":true}]}}