{"id":9414,"date":"2011-09-05T05:25:04","date_gmt":"2011-09-05T03:25:04","guid":{"rendered":"http:\/\/libelul.com\/?p=9414"},"modified":"2011-09-04T22:15:04","modified_gmt":"2011-09-04T20:15:04","slug":"premieres-fois","status":"publish","type":"post","link":"https:\/\/libelul.com\/?p=9414","title":{"rendered":"Premi\u00e8res fois."},"content":{"rendered":"<p>Moi je n&rsquo;ai pas vu le temps pass\u00e9.<br \/>\nComme une brise ces trois ann\u00e9es viennent de s&rsquo;\u00e9couler,<br \/>\nEt mon b\u00e9b\u00e9 s&rsquo;est envol\u00e9.<\/p>\n<p>Premier matin d&rsquo;une longue s\u00e9rie de premi\u00e8res fois,<\/p>\n<p>\u00c9cole, ma\u00eetresse, rentr\u00e9e,<br \/>\nCartable, cahier, recr\u00e9e,<br \/>\nDessins, copains, go\u00fbters,<br \/>\nLire, \u00e9crire, compter &#8230;<\/p>\n<p style=\"text-align: center;\"><img loading=\"lazy\" decoding=\"async\" data-attachment-id=\"9415\" data-permalink=\"https:\/\/libelul.com\/?attachment_id=9415\" data-orig-file=\"https:\/\/libelul.com\/wp-content\/uploads\/2011\/09\/summer-2011-by-libelul.jpg\" data-orig-size=\"450,323\" data-comments-opened=\"1\" data-image-meta=\"{&quot;aperture&quot;:&quot;0&quot;,&quot;credit&quot;:&quot;&quot;,&quot;camera&quot;:&quot;&quot;,&quot;caption&quot;:&quot;&quot;,&quot;created_timestamp&quot;:&quot;0&quot;,&quot;copyright&quot;:&quot;&quot;,&quot;focal_length&quot;:&quot;0&quot;,&quot;iso&quot;:&quot;0&quot;,&quot;shutter_speed&quot;:&quot;0&quot;,&quot;title&quot;:&quot;&quot;}\" data-image-title=\"summer-2011-by-libelul\" data-image-description=\"\" data-image-caption=\"\" data-medium-file=\"https:\/\/libelul.com\/wp-content\/uploads\/2011\/09\/summer-2011-by-libelul-380x272.jpg\" data-large-file=\"https:\/\/libelul.com\/wp-content\/uploads\/2011\/09\/summer-2011-by-libelul.jpg\" class=\"alignnone size-full wp-image-9415\" title=\"summer-2011-by-libelul\" src=\"http:\/\/libelul.com\/wp-content\/uploads\/2011\/09\/summer-2011-by-libelul.jpg\" alt=\"\" width=\"450\" height=\"323\" srcset=\"https:\/\/libelul.com\/wp-content\/uploads\/2011\/09\/summer-2011-by-libelul.jpg 450w, https:\/\/libelul.com\/wp-content\/uploads\/2011\/09\/summer-2011-by-libelul-380x272.jpg 380w\" sizes=\"auto, (max-width: 450px) 100vw, 450px\" \/><\/p>\n<p style=\"text-align: center;\"><em>James &amp; Dandelion Summer 2011<\/em><\/p>\n<p>Compter les jours jusqu&rsquo;aux prochaines vacances,<br \/>\nToussaint, No\u00ebl, F\u00e9vrier, P\u00e2ques, \u00c9t\u00e9.<\/p>\n<p><strong>Bonne premi\u00e8re rentr\u00e9e James.<\/strong><\/p>\n<p>Et bonne rentr\u00e9e \u00e0 tous et toutes !<\/p>\n","protected":false},"excerpt":{"rendered":"<a href=\"https:\/\/libelul.com\/?p=9414\"><img decoding=\"async\" width=\"270\" src=\"\" class=\"alignleft wp-post-image tfe\" alt=\"\" title=\"\" \/><\/a><p>Moi je n&rsquo;ai pas vu le temps pass\u00e9. Comme une brise ces trois ann\u00e9es viennent de s&rsquo;\u00e9couler, Et mon b\u00e9b\u00e9 s&rsquo;est envol\u00e9. Premier matin d&rsquo;une longue s\u00e9rie de premi\u00e8res fois, \u00c9cole, ma\u00eetresse, rentr\u00e9e, Cartable, cahier, recr\u00e9e, Dessins, copains, go\u00fbters, Lire, \u00e9crire, compter &#8230; James &amp; Dandelion Summer 2011 Compter les jours jusqu&rsquo;aux prochaines vacances, Toussaint, [&hellip;]<\/p>\n","protected":false},"author":1,"featured_media":0,"comment_status":"open","ping_status":"open","sticky":false,"template":"","format":"standard","meta":{"jetpack_post_was_ever_published":false,"_jetpack_newsletter_access":"","_jetpack_dont_email_post_to_subs":false,"_jetpack_newsletter_tier_id":0,"_jetpack_memberships_contains_paywalled_content":false,"_jetpack_memberships_contains_paid_content":false,"footnotes":"","jetpack_publicize_message":"","jetpack_publicize_feature_enabled":true,"jetpack_social_post_already_shared":false,"jetpack_social_options":{"image_generator_settings":{"template":"highway","default_image_id":0,"font":"","enabled":false},"version":2}},"categories":[38],"tags":[512,396],"class_list":["post-9414","post","type-post","status-publish","format-standard","hentry","category-mes-humeurs-et-concours","tag-james","tag-pensees"],"jetpack_publicize_connections":[],"jetpack_featured_media_url":"","jetpack_shortlink":"https:\/\/wp.me\/posPp-2rQ","jetpack_sharing_enabled":true,"jetpack-related-posts":[],"_links":{"self":[{"href":"https:\/\/libelul.com\/index.php?rest_route=\/wp\/v2\/posts\/9414","targetHints":{"allow":["GET"]}}],"collection":[{"href":"https:\/\/libelul.com\/index.php?rest_route=\/wp\/v2\/posts"}],"about":[{"href":"https:\/\/libelul.com\/index.php?rest_route=\/wp\/v2\/types\/post"}],"author":[{"embeddable":true,"href":"https:\/\/libelul.com\/index.php?rest_route=\/wp\/v2\/users\/1"}],"replies":[{"embeddable":true,"href":"https:\/\/libelul.com\/index.php?rest_route=%2Fwp%2Fv2%2Fcomments&post=9414"}],"version-history":[{"count":0,"href":"https:\/\/libelul.com\/index.php?rest_route=\/wp\/v2\/posts\/9414\/revisions"}],"wp:attachment":[{"href":"https:\/\/libelul.com\/index.php?rest_route=%2Fwp%2Fv2%2Fmedia&parent=9414"}],"wp:term":[{"taxonomy":"category","embeddable":true,"href":"https:\/\/libelul.com\/index.php?rest_route=%2Fwp%2Fv2%2Fcategories&post=9414"},{"taxonomy":"post_tag","embeddable":true,"href":"https:\/\/libelul.com\/index.php?rest_route=%2Fwp%2Fv2%2Ftags&post=9414"}],"curies":[{"name":"wp","href":"https:\/\/api.w.org\/{rel}","templated":true}]}}