{"id":9585,"date":"2011-09-14T05:25:42","date_gmt":"2011-09-14T03:25:42","guid":{"rendered":"http:\/\/libelul.com\/?p=9585"},"modified":"2011-09-14T13:20:49","modified_gmt":"2011-09-14T11:20:49","slug":"neon-colors","status":"publish","type":"post","link":"https:\/\/libelul.com\/?p=9585","title":{"rendered":"Neon colors."},"content":{"rendered":"<p>Moi je suis une fille 80&rsquo;s.<br \/>\nComme <em>Punky Brewster<\/em> folle des couleurs fluos.<\/p>\n<p>Danser en jupette sur <em>Simple Minds<\/em>,<br \/>\nSans quitter mes converses noires,<\/p>\n<p>Dessiner quelques formes graphiques,<br \/>\nMe maquiller mes yeux d&rsquo;un simple trait de kh\u00f4l,<\/p>\n<p>Porter quelques bracelets \u00e9lastiques,<br \/>\nAnimer ma garde-robe en couleurs n\u00e9on.<\/p>\n<p style=\"text-align: center;\"><img loading=\"lazy\" decoding=\"async\" data-attachment-id=\"9587\" data-permalink=\"https:\/\/libelul.com\/?attachment_id=9587\" data-orig-file=\"https:\/\/libelul.com\/wp-content\/uploads\/2011\/09\/neon-01-by-libelul.jpg\" data-orig-size=\"450,323\" data-comments-opened=\"1\" data-image-meta=\"{&quot;aperture&quot;:&quot;0&quot;,&quot;credit&quot;:&quot;&quot;,&quot;camera&quot;:&quot;&quot;,&quot;caption&quot;:&quot;&quot;,&quot;created_timestamp&quot;:&quot;0&quot;,&quot;copyright&quot;:&quot;&quot;,&quot;focal_length&quot;:&quot;0&quot;,&quot;iso&quot;:&quot;0&quot;,&quot;shutter_speed&quot;:&quot;0&quot;,&quot;title&quot;:&quot;&quot;}\" data-image-title=\"neon-01-by-libelul\" data-image-description=\"\" data-image-caption=\"\" data-medium-file=\"https:\/\/libelul.com\/wp-content\/uploads\/2011\/09\/neon-01-by-libelul-380x272.jpg\" data-large-file=\"https:\/\/libelul.com\/wp-content\/uploads\/2011\/09\/neon-01-by-libelul.jpg\" class=\"alignnone size-full wp-image-9587\" title=\"neon-01-by-libelul\" src=\"http:\/\/libelul.com\/wp-content\/uploads\/2011\/09\/neon-01-by-libelul.jpg\" alt=\"\" width=\"450\" height=\"323\" srcset=\"https:\/\/libelul.com\/wp-content\/uploads\/2011\/09\/neon-01-by-libelul.jpg 450w, https:\/\/libelul.com\/wp-content\/uploads\/2011\/09\/neon-01-by-libelul-380x272.jpg 380w\" sizes=\"auto, (max-width: 450px) 100vw, 450px\" \/><\/p>\n<p style=\"text-align: center;\">La tete au tube Chic @ Maison et Objet Sept. 2011<\/p>\n<p style=\"text-align: left;\">Envie d&rsquo;un revival de ce rem\u00e8de aux ann\u00e9es de crise,<br \/>\n\u00c9lectris\u00e9es par la couleur,<br \/>\nEt quand j&rsquo;ai vu ce set de vases,<br \/>\nJe me suis dis que je n&rsquo;\u00e9tais pas la seule \ud83d\ude09<\/p>\n<p style=\"text-align: left;\"><strong>Et vous, fille des 80&rsquo;s ?<\/strong><\/p>\n<p><span style=\"display: block; width: 136px; height: 72px; position: relative; padding: 0pt; border: 0pt none; margin: 0pt; clear: both; background-image: url(http:\/\/libelul.com\/wp-content\/uploads\/2009\/11\/TOPDECO-HELLOCOTON.jpg);\"> <\/span><\/p>\n","protected":false},"excerpt":{"rendered":"<a href=\"https:\/\/libelul.com\/?p=9585\"><img decoding=\"async\" width=\"270\" src=\"\" class=\"alignleft wp-post-image tfe\" alt=\"\" title=\"\" \/><\/a><p>Moi je suis une fille 80&rsquo;s. Comme Punky Brewster folle des couleurs fluos. Danser en jupette sur Simple Minds, Sans quitter mes converses noires, Dessiner quelques formes graphiques, Me maquiller mes yeux d&rsquo;un simple trait de kh\u00f4l, Porter quelques bracelets \u00e9lastiques, Animer ma garde-robe en couleurs n\u00e9on. La tete au tube Chic @ Maison et [&hellip;]<\/p>\n","protected":false},"author":1,"featured_media":0,"comment_status":"open","ping_status":"open","sticky":false,"template":"","format":"standard","meta":{"jetpack_post_was_ever_published":false,"_jetpack_newsletter_access":"","_jetpack_dont_email_post_to_subs":false,"_jetpack_newsletter_tier_id":0,"_jetpack_memberships_contains_paywalled_content":false,"_jetpack_memberships_contains_paid_content":false,"footnotes":"","jetpack_publicize_message":"","jetpack_publicize_feature_enabled":true,"jetpack_social_post_already_shared":false,"jetpack_social_options":{"image_generator_settings":{"template":"highway","default_image_id":0,"font":"","enabled":false},"version":2}},"categories":[222],"tags":[394,430,599,212,362,206],"class_list":["post-9585","post","type-post","status-publish","format-standard","hentry","category-le-bureau-et-les-petits-papiers","tag-decoration","tag-mobile","tag-neon","tag-rainbow","tag-salon-maison-et-objet","tag-vous-avez-aime"],"jetpack_publicize_connections":[],"jetpack_featured_media_url":"","jetpack_shortlink":"https:\/\/wp.me\/posPp-2uB","jetpack_sharing_enabled":true,"jetpack-related-posts":[],"_links":{"self":[{"href":"https:\/\/libelul.com\/index.php?rest_route=\/wp\/v2\/posts\/9585","targetHints":{"allow":["GET"]}}],"collection":[{"href":"https:\/\/libelul.com\/index.php?rest_route=\/wp\/v2\/posts"}],"about":[{"href":"https:\/\/libelul.com\/index.php?rest_route=\/wp\/v2\/types\/post"}],"author":[{"embeddable":true,"href":"https:\/\/libelul.com\/index.php?rest_route=\/wp\/v2\/users\/1"}],"replies":[{"embeddable":true,"href":"https:\/\/libelul.com\/index.php?rest_route=%2Fwp%2Fv2%2Fcomments&post=9585"}],"version-history":[{"count":0,"href":"https:\/\/libelul.com\/index.php?rest_route=\/wp\/v2\/posts\/9585\/revisions"}],"wp:attachment":[{"href":"https:\/\/libelul.com\/index.php?rest_route=%2Fwp%2Fv2%2Fmedia&parent=9585"}],"wp:term":[{"taxonomy":"category","embeddable":true,"href":"https:\/\/libelul.com\/index.php?rest_route=%2Fwp%2Fv2%2Fcategories&post=9585"},{"taxonomy":"post_tag","embeddable":true,"href":"https:\/\/libelul.com\/index.php?rest_route=%2Fwp%2Fv2%2Ftags&post=9585"}],"curies":[{"name":"wp","href":"https:\/\/api.w.org\/{rel}","templated":true}]}}