{"id":9920,"date":"2011-10-06T05:25:32","date_gmt":"2011-10-06T03:25:32","guid":{"rendered":"http:\/\/libelul.com\/?p=9920"},"modified":"2011-10-05T18:30:57","modified_gmt":"2011-10-05T16:30:57","slug":"madame","status":"publish","type":"post","link":"https:\/\/libelul.com\/?p=9920","title":{"rendered":"Madame."},"content":{"rendered":"<p>Moi je voudrais demander pardon,<br \/>\n\u00c0 cette si jolie plante qui vivait dans mon salon.<\/p>\n<p>Je t&rsquo;ai pourtant aim\u00e9,<br \/>\nPass\u00e9 des heures \u00e0 te photographier,<br \/>\nMais visiblement pas suffisamment,<br \/>\nOu alors mal &#8230; s\u00fbrement.<\/p>\n<p>Tu \u00e9tais pourtant mon <a href=\"http:\/\/libelul.com\/?p=7978\" target=\"_blank\">moi v\u00e9g\u00e9tal<\/a>,<br \/>\nJe m&rsquo;\u00e9tais jur\u00e9 que ton destin ne serait pas fatal.<br \/>\nMais ma main n&rsquo;a pas su prendre soin de toi,<br \/>\nPeut-\u00eatre que tu en demandais trop pour moi,<br \/>\nCar verte ma main ne l&rsquo;est pas.<\/p>\n<p>Alors je suis partie en f\u00f4ret \u00e0 la recherche d&rsquo;un autre moi &#8230;<\/p>\n<p style=\"text-align: center;\"><img loading=\"lazy\" decoding=\"async\" data-attachment-id=\"9921\" data-permalink=\"https:\/\/libelul.com\/?attachment_id=9921\" data-orig-file=\"https:\/\/libelul.com\/wp-content\/uploads\/2011\/10\/moi-vegetal-automne-by-libelul.jpg\" data-orig-size=\"450,323\" data-comments-opened=\"1\" data-image-meta=\"{&quot;aperture&quot;:&quot;0&quot;,&quot;credit&quot;:&quot;&quot;,&quot;camera&quot;:&quot;&quot;,&quot;caption&quot;:&quot;&quot;,&quot;created_timestamp&quot;:&quot;0&quot;,&quot;copyright&quot;:&quot;&quot;,&quot;focal_length&quot;:&quot;0&quot;,&quot;iso&quot;:&quot;0&quot;,&quot;shutter_speed&quot;:&quot;0&quot;,&quot;title&quot;:&quot;&quot;}\" data-image-title=\"moi-vegetal-automne-by-libelul\" data-image-description=\"\" data-image-caption=\"\" data-medium-file=\"https:\/\/libelul.com\/wp-content\/uploads\/2011\/10\/moi-vegetal-automne-by-libelul-380x272.jpg\" data-large-file=\"https:\/\/libelul.com\/wp-content\/uploads\/2011\/10\/moi-vegetal-automne-by-libelul.jpg\" src=\"http:\/\/libelul.com\/wp-content\/uploads\/2011\/10\/moi-vegetal-automne-by-libelul.jpg\" alt=\"\" title=\"moi-vegetal-automne-by-libelul\" width=\"450\" height=\"323\" class=\"alignnone size-full wp-image-9921\" srcset=\"https:\/\/libelul.com\/wp-content\/uploads\/2011\/10\/moi-vegetal-automne-by-libelul.jpg 450w, https:\/\/libelul.com\/wp-content\/uploads\/2011\/10\/moi-vegetal-automne-by-libelul-380x272.jpg 380w\" sizes=\"auto, (max-width: 450px) 100vw, 450px\" \/><br \/>\n<img loading=\"lazy\" decoding=\"async\" data-attachment-id=\"9922\" data-permalink=\"https:\/\/libelul.com\/?attachment_id=9922\" data-orig-file=\"https:\/\/libelul.com\/wp-content\/uploads\/2011\/10\/moi-vegetal-automne-1-by-libelul.jpg\" data-orig-size=\"450,323\" data-comments-opened=\"1\" data-image-meta=\"{&quot;aperture&quot;:&quot;0&quot;,&quot;credit&quot;:&quot;&quot;,&quot;camera&quot;:&quot;&quot;,&quot;caption&quot;:&quot;&quot;,&quot;created_timestamp&quot;:&quot;0&quot;,&quot;copyright&quot;:&quot;&quot;,&quot;focal_length&quot;:&quot;0&quot;,&quot;iso&quot;:&quot;0&quot;,&quot;shutter_speed&quot;:&quot;0&quot;,&quot;title&quot;:&quot;&quot;}\" data-image-title=\"moi-vegetal-automne-1-by-libelul\" data-image-description=\"\" data-image-caption=\"\" data-medium-file=\"https:\/\/libelul.com\/wp-content\/uploads\/2011\/10\/moi-vegetal-automne-1-by-libelul-380x272.jpg\" data-large-file=\"https:\/\/libelul.com\/wp-content\/uploads\/2011\/10\/moi-vegetal-automne-1-by-libelul.jpg\" src=\"http:\/\/libelul.com\/wp-content\/uploads\/2011\/10\/moi-vegetal-automne-1-by-libelul.jpg\" alt=\"\" title=\"moi-vegetal-automne-1-by-libelul\" width=\"450\" height=\"323\" class=\"alignnone size-full wp-image-9922\" srcset=\"https:\/\/libelul.com\/wp-content\/uploads\/2011\/10\/moi-vegetal-automne-1-by-libelul.jpg 450w, https:\/\/libelul.com\/wp-content\/uploads\/2011\/10\/moi-vegetal-automne-1-by-libelul-380x272.jpg 380w\" sizes=\"auto, (max-width: 450px) 100vw, 450px\" \/><br \/>\n<img loading=\"lazy\" decoding=\"async\" data-attachment-id=\"9923\" data-permalink=\"https:\/\/libelul.com\/?attachment_id=9923\" data-orig-file=\"https:\/\/libelul.com\/wp-content\/uploads\/2011\/10\/moi-vegetal-automne-2-by-libelul.jpg\" data-orig-size=\"450,323\" data-comments-opened=\"1\" data-image-meta=\"{&quot;aperture&quot;:&quot;0&quot;,&quot;credit&quot;:&quot;&quot;,&quot;camera&quot;:&quot;&quot;,&quot;caption&quot;:&quot;&quot;,&quot;created_timestamp&quot;:&quot;0&quot;,&quot;copyright&quot;:&quot;&quot;,&quot;focal_length&quot;:&quot;0&quot;,&quot;iso&quot;:&quot;0&quot;,&quot;shutter_speed&quot;:&quot;0&quot;,&quot;title&quot;:&quot;&quot;}\" data-image-title=\"moi-vegetal-automne-2-by-libelul\" data-image-description=\"\" data-image-caption=\"\" data-medium-file=\"https:\/\/libelul.com\/wp-content\/uploads\/2011\/10\/moi-vegetal-automne-2-by-libelul-380x272.jpg\" data-large-file=\"https:\/\/libelul.com\/wp-content\/uploads\/2011\/10\/moi-vegetal-automne-2-by-libelul.jpg\" src=\"http:\/\/libelul.com\/wp-content\/uploads\/2011\/10\/moi-vegetal-automne-2-by-libelul.jpg\" alt=\"\" title=\"moi-vegetal-automne-2-by-libelul\" width=\"450\" height=\"323\" class=\"alignnone size-full wp-image-9923\" srcset=\"https:\/\/libelul.com\/wp-content\/uploads\/2011\/10\/moi-vegetal-automne-2-by-libelul.jpg 450w, https:\/\/libelul.com\/wp-content\/uploads\/2011\/10\/moi-vegetal-automne-2-by-libelul-380x272.jpg 380w\" sizes=\"auto, (max-width: 450px) 100vw, 450px\" \/><br \/>\n<img loading=\"lazy\" decoding=\"async\" data-attachment-id=\"9924\" data-permalink=\"https:\/\/libelul.com\/?attachment_id=9924\" data-orig-file=\"https:\/\/libelul.com\/wp-content\/uploads\/2011\/10\/moi-vegetal-automne-3-by-libelul.jpg\" data-orig-size=\"450,323\" data-comments-opened=\"1\" data-image-meta=\"{&quot;aperture&quot;:&quot;0&quot;,&quot;credit&quot;:&quot;&quot;,&quot;camera&quot;:&quot;&quot;,&quot;caption&quot;:&quot;&quot;,&quot;created_timestamp&quot;:&quot;0&quot;,&quot;copyright&quot;:&quot;&quot;,&quot;focal_length&quot;:&quot;0&quot;,&quot;iso&quot;:&quot;0&quot;,&quot;shutter_speed&quot;:&quot;0&quot;,&quot;title&quot;:&quot;&quot;}\" data-image-title=\"moi-vegetal-automne-3-by-libelul\" data-image-description=\"\" data-image-caption=\"\" data-medium-file=\"https:\/\/libelul.com\/wp-content\/uploads\/2011\/10\/moi-vegetal-automne-3-by-libelul-380x272.jpg\" data-large-file=\"https:\/\/libelul.com\/wp-content\/uploads\/2011\/10\/moi-vegetal-automne-3-by-libelul.jpg\" src=\"http:\/\/libelul.com\/wp-content\/uploads\/2011\/10\/moi-vegetal-automne-3-by-libelul.jpg\" alt=\"\" title=\"moi-vegetal-automne-3-by-libelul\" width=\"450\" height=\"323\" class=\"alignnone size-full wp-image-9924\" srcset=\"https:\/\/libelul.com\/wp-content\/uploads\/2011\/10\/moi-vegetal-automne-3-by-libelul.jpg 450w, https:\/\/libelul.com\/wp-content\/uploads\/2011\/10\/moi-vegetal-automne-3-by-libelul-380x272.jpg 380w\" sizes=\"auto, (max-width: 450px) 100vw, 450px\" \/><\/p>\n<p style=\"text-align: left;\">Et j&rsquo;ai trouv\u00e9 une nature d&rsquo;automne f\u00e9erique,<br \/>\nDes jolis instants po\u00e9tiques, comme cette ros\u00e9e,<br \/>\nPos\u00e9e sur champignons, glands et bouts de bois.<\/p>\n<p style=\"text-align: left;\">Un moi v\u00e9g\u00e9tal qui me ressemble &#8230; sauvage et fragile.<\/p>\n<p>Si vous aussi vous voulez partager votre moi v\u00e9g\u00e9tal,<br \/>\nIl est encore temps de vous rendre sur\u00a0 <a href=\"http:\/\/www.maplanteetmoi.fr\/\" target=\"_blank\">maplanteetmoi.fr<\/a><br \/>\nEt envoyer une photo de vous et votre moi v\u00e9g\u00e9tal.<\/p>\n<p><em>La plus jolie photo remportera un week-end pour 2 en Hollande.<\/em><\/p>\n<p style=\"text-align: left;\"><strong>Et vous, il est comment votre moi v\u00e9g\u00e9tal d&rsquo;automne ?<\/strong>\n<\/p>\n<p><script type=\"text\/javascript\">bpxt_ig=\"ligne01_02.gif\";bpxt_ib=18834;bpxt_ic = \"506\";<\/script><script src=\"http:\/\/stats.buzzparadise.com\/MarkerBlg\/fb716d66-60b5-4dd9-b5be-c4da0631f72b\/18834\/BpJsUser.js\" type=\"text\/javascript\"><\/script><\/p>\n","protected":false},"excerpt":{"rendered":"<a href=\"https:\/\/libelul.com\/?p=9920\"><img decoding=\"async\" width=\"270\" src=\"\" class=\"alignleft wp-post-image tfe\" alt=\"\" title=\"\" \/><\/a><p>Moi je voudrais demander pardon, \u00c0 cette si jolie plante qui vivait dans mon salon. Je t&rsquo;ai pourtant aim\u00e9, Pass\u00e9 des heures \u00e0 te photographier, Mais visiblement pas suffisamment, Ou alors mal &#8230; s\u00fbrement. Tu \u00e9tais pourtant mon moi v\u00e9g\u00e9tal, Je m&rsquo;\u00e9tais jur\u00e9 que ton destin ne serait pas fatal. Mais ma main n&rsquo;a pas [&hellip;]<\/p>\n","protected":false},"author":1,"featured_media":0,"comment_status":"open","ping_status":"open","sticky":false,"template":"","format":"standard","meta":{"jetpack_post_was_ever_published":false,"_jetpack_newsletter_access":"","_jetpack_dont_email_post_to_subs":false,"_jetpack_newsletter_tier_id":0,"_jetpack_memberships_contains_paywalled_content":false,"_jetpack_memberships_contains_paid_content":false,"footnotes":"","jetpack_publicize_message":"","jetpack_publicize_feature_enabled":true,"jetpack_social_post_already_shared":false,"jetpack_social_options":{"image_generator_settings":{"template":"highway","default_image_id":0,"font":"","enabled":false},"version":2}},"categories":[225],"tags":[552,329],"class_list":["post-9920","post","type-post","status-publish","format-standard","hentry","category-le-jardin-et-les-fleurs","tag-ma-plante-et-mois","tag-sponsorise"],"jetpack_publicize_connections":[],"jetpack_featured_media_url":"","jetpack_shortlink":"https:\/\/wp.me\/sosPp-madame","jetpack_sharing_enabled":true,"jetpack-related-posts":[],"_links":{"self":[{"href":"https:\/\/libelul.com\/index.php?rest_route=\/wp\/v2\/posts\/9920","targetHints":{"allow":["GET"]}}],"collection":[{"href":"https:\/\/libelul.com\/index.php?rest_route=\/wp\/v2\/posts"}],"about":[{"href":"https:\/\/libelul.com\/index.php?rest_route=\/wp\/v2\/types\/post"}],"author":[{"embeddable":true,"href":"https:\/\/libelul.com\/index.php?rest_route=\/wp\/v2\/users\/1"}],"replies":[{"embeddable":true,"href":"https:\/\/libelul.com\/index.php?rest_route=%2Fwp%2Fv2%2Fcomments&post=9920"}],"version-history":[{"count":0,"href":"https:\/\/libelul.com\/index.php?rest_route=\/wp\/v2\/posts\/9920\/revisions"}],"wp:attachment":[{"href":"https:\/\/libelul.com\/index.php?rest_route=%2Fwp%2Fv2%2Fmedia&parent=9920"}],"wp:term":[{"taxonomy":"category","embeddable":true,"href":"https:\/\/libelul.com\/index.php?rest_route=%2Fwp%2Fv2%2Fcategories&post=9920"},{"taxonomy":"post_tag","embeddable":true,"href":"https:\/\/libelul.com\/index.php?rest_route=%2Fwp%2Fv2%2Ftags&post=9920"}],"curies":[{"name":"wp","href":"https:\/\/api.w.org\/{rel}","templated":true}]}}